{"id":202748,"date":"2025-12-26T02:48:18","date_gmt":"2025-12-26T02:48:18","guid":{"rendered":"https:\/\/www.europesays.com\/pt\/202748\/"},"modified":"2025-12-26T02:48:18","modified_gmt":"2025-12-26T02:48:18","slug":"luciano-szafir-abre-o-jogo-sobre-gravidez-de-sasha-e-entrega-como-xuxa-esta","status":"publish","type":"post","link":"https:\/\/www.europesays.com\/pt\/202748\/","title":{"rendered":"Luciano Szafir abre o jogo sobre gravidez de Sasha e entrega como Xuxa est\u00e1"},"content":{"rendered":"<p><a href=\"https:\/\/natelinha.uol.com.br\/famosos\/tudo-sobre\/luciano-szafir\" rel=\"nofollow noopener\" target=\"_blank\">Luciano Szafir<\/a> abriu o jogo sobre a sua rela\u00e7\u00e3o com a filha, <a href=\"https:\/\/natelinha.uol.com.br\/famosos\/tudo-sobre\/sasha-meneghel\" rel=\"nofollow noopener\" target=\"_blank\">Sasha Meneghel<\/a>. Pai aos 30 anos &#8211; atualmente, ele est\u00e1 com 57 e ela, com 27 -, o ator admitiu que \u00e9 bab\u00e3o. Sobre a possibilidade de se tornar av\u00f4 em breve, o famoso contou que a ex, <a href=\"https:\/\/natelinha.uol.com.br\/famosos\/tudo-sobre\/xuxa-meneghel\" rel=\"nofollow noopener\" target=\"_blank\">Xuxa Meneghel<\/a>, est\u00e1 mais ansiosa do que ele.<\/p>\n<p>continua depois da publicidade<\/p>\n<p>&#8220;A gente sempre foi muito apegado um ao outro. Eu sou um pai bab\u00e3o, tenho orgulho do lugar aonde ela chegou. Est\u00e1 construindo as coisinhas dela. Ela n\u00e3o para. Automaticamente, o tempo para mim e para a m\u00e3e diminui, n\u00e9? Ent\u00e3o isso d\u00e1 uma saudade, mas gra\u00e7as a Deus existe celular&#8221;, disse o artista em entrevista \u00e0 coluna Play, do jornal O Globo.<\/p>\n<p>+ <a href=\"https:\/\/natelinha.uol.com.br\/famosos\/2025\/12\/25\/ana-castela-participa-de-bingo-na-casa-de-leonardo-e-debocha-do-sogro-veado-do-natal-235714.php\" rel=\"nofollow noopener\" target=\"_blank\">Ana Castela participa de bingo na casa de Leonardo e debocha do sogro: &#8220;Veado do Natal&#8221;<\/a><\/p>\n<p>+ <a href=\"https:\/\/natelinha.uol.com.br\/famosos\/2025\/12\/25\/faustao-surge-em-rara-foto-ao-lado-do-filho-no-natal-235713.php\" rel=\"nofollow noopener\" target=\"_blank\">Faust\u00e3o surge em rara foto ao lado do filho no Natal<\/a><\/p>\n<p>&#8220;Eu moro em Campinas, \u00e9 do lado dela. Ent\u00e3o, pelo menos uma vez por semana eu dou meu jeito. Quando ela tem tempo, ela vem at\u00e9 a minha casa, ficar com os irm\u00e3os, ou ent\u00e3o eu os levo a S\u00e3o Paulo. Mas \u00e9 assim que acontece, a gente cria filho para o mundo. Ela est\u00e1 fazendo o mundo dela, a fam\u00edlia dela, e n\u00f3s participamos. D\u00e1 uma saudade absurda, mas \u00e9 uma saudade boa, porque eu sei que ela est\u00e1 muito feliz&#8221;, afirmou Luciano Szafir.<\/p>\n<p>continua depois da publicidade<\/p>\n<p>Luciano Szafir fala sobre possibilidade de\u00a0ser av\u00f4<\/p>\n<p><img decoding=\"async\" loading=\"lazy\" class=\"horizontal\" src=\"https:\/\/www.europesays.com\/pt\/wp-content\/uploads\/2025\/12\/luciano-szafir-sasha_5166.jpeg\" alt=\"Luciano Szafir abre o jogo sobre gravidez de Sasha e entrega como Xuxa est\u00e1\"\/><\/p>\n<p>No papo, Luciano Szafir falou sobre a possibilidade de se tornar av\u00f4 &#8211; Sasha Meneghel \u00e9 casada com o cantor Jo\u00e3o Lucas desde 2021.<\/p>\n<p>&#8220;Tenho vontade, mas eu fui meio pai-av\u00f4. Tive filho de novo j\u00e1 mais velho. Durante os \u00faltimos dez anos eu tive crian\u00e7a em casa. Acho que a Xuxa \u00e9 bem mais ansiosa que eu. Para a Sasha eu s\u00f3 eu falei: &#8216;Cara, o tempo \u00e9 teu, voc\u00ea que sabe. Quando voc\u00ea tem filho, a sua vida muda, e voc\u00ea passa a viver para ele. Na hora que voc\u00ea tiver, com certeza vai ter o nosso apoio e a nossa baba\u00e7\u00e3o de ovo. Eu pretendo estragar seu filho ou sua filha'&#8221;, revelou o ator.<\/p>\n<p>continua depois da publicidade<\/p>\n<p>Al\u00e9m de Sasha, Luciano \u00e9 pai\u00a0David, de 11 anos, e Mikael, de 10, do relacionamento com a empres\u00e1ria Luhanna Melloni.<\/p>\n","protected":false},"excerpt":{"rendered":"Luciano Szafir abriu o jogo sobre a sua rela\u00e7\u00e3o com a filha, Sasha Meneghel. Pai aos 30 anos&hellip;\n","protected":false},"author":2,"featured_media":202749,"comment_status":"","ping_status":"","sticky":false,"template":"","format":"standard","meta":{"footnotes":""},"categories":[145],"tags":[211,210,114,115,14640,32,33,4454,2757],"class_list":{"0":"post-202748","1":"post","2":"type-post","3":"status-publish","4":"format-standard","5":"has-post-thumbnail","7":"category-celebridades","8":"tag-celebridades","9":"tag-celebrities","10":"tag-entertainment","11":"tag-entretenimento","12":"tag-luciano-szafir","13":"tag-portugal","14":"tag-pt","15":"tag-sasha-meneghel","16":"tag-xuxa-meneghel"},"share_on_mastodon":{"url":"https:\/\/pubeurope.com\/@pt\/115783592104379770","error":""},"_links":{"self":[{"href":"https:\/\/www.europesays.com\/pt\/wp-json\/wp\/v2\/posts\/202748","targetHints":{"allow":["GET"]}}],"collection":[{"href":"https:\/\/www.europesays.com\/pt\/wp-json\/wp\/v2\/posts"}],"about":[{"href":"https:\/\/www.europesays.com\/pt\/wp-json\/wp\/v2\/types\/post"}],"author":[{"embeddable":true,"href":"https:\/\/www.europesays.com\/pt\/wp-json\/wp\/v2\/users\/2"}],"replies":[{"embeddable":true,"href":"https:\/\/www.europesays.com\/pt\/wp-json\/wp\/v2\/comments?post=202748"}],"version-history":[{"count":0,"href":"https:\/\/www.europesays.com\/pt\/wp-json\/wp\/v2\/posts\/202748\/revisions"}],"wp:featuredmedia":[{"embeddable":true,"href":"https:\/\/www.europesays.com\/pt\/wp-json\/wp\/v2\/media\/202749"}],"wp:attachment":[{"href":"https:\/\/www.europesays.com\/pt\/wp-json\/wp\/v2\/media?parent=202748"}],"wp:term":[{"taxonomy":"category","embeddable":true,"href":"https:\/\/www.europesays.com\/pt\/wp-json\/wp\/v2\/categories?post=202748"},{"taxonomy":"post_tag","embeddable":true,"href":"https:\/\/www.europesays.com\/pt\/wp-json\/wp\/v2\/tags?post=202748"}],"curies":[{"name":"wp","href":"https:\/\/api.w.org\/{rel}","templated":true}]}}