{"id":202750,"date":"2025-12-26T02:51:14","date_gmt":"2025-12-26T02:51:14","guid":{"rendered":"https:\/\/www.europesays.com\/pt\/202750\/"},"modified":"2025-12-26T02:51:14","modified_gmt":"2025-12-26T02:51:14","slug":"vera-revela-conversa-privada-com-dylan-e-expoe-algo-que-nao-podia-ficar-por-fazer-dois-as-10","status":"publish","type":"post","link":"https:\/\/www.europesays.com\/pt\/202750\/","title":{"rendered":"Vera revela conversa privada com Dylan e exp\u00f5e algo que n\u00e3o podia ficar por fazer &#8211; Dois \u00e0s 10"},"content":{"rendered":"<p>                        Depois de semanas marcadas pela pol\u00e9mica, Vera decidiu falar abertamente sobre o que ficou por dizer. No Dois \u00e0s 10, a ex-concorrente confirmou que j\u00e1 conversou com Dylan fora das c\u00e2maras.<\/p>\n<p data-end=\"1912\" data-start=\"1673\">O reencontro de Vera e Dylan no Dois \u00e0s 10 ficou marcado por um momento de grande maturidade e distens\u00e3o. J\u00e1 em direto, ambos confirmaram que existiu, de facto, uma conversa privada fora das c\u00e2maras, na qual houve um pedido de desculpas.<\/p>\n<p data-end=\"2244\" data-start=\"1914\"><strong>\u00abClaro que sim, que me arrependi\u00bb<\/strong>, afirmou Vera, assumindo a necessidade de fechar um cap\u00edtulo conturbado. A ex-concorrente explicou que sentiu que n\u00e3o podia seguir em frente sem esse gesto.<strong> \u00abJ\u00e1 fal\u00e1mos. Acho que \u00e9 essencial. Seguir um caminho sem uma palavra de desculpa acho que ia ser muito mau. Senti essa necessidade\u00bb<\/strong>, disse.<\/p>\n<p data-end=\"2512\" data-start=\"2246\">Recorde-se que Vera foi expulsa da Casa dos Segredos 9 ap\u00f3s um epis\u00f3dio de agress\u00e3o f\u00edsica a Dylan, situa\u00e7\u00e3o que gerou forte pol\u00e9mica na altura.\u00a0<\/p>\n<p data-end=\"2864\" data-start=\"2514\">Sobre as declara\u00e7\u00f5es de Dylan, que afirmou n\u00e3o compreender os aplausos que Vera recebeu ap\u00f3s a agress\u00e3o, a ex-concorrente foi clara: <strong>\u00abFoco-me mais na mensagem que transmiti c\u00e1 para fora. Acho que nos devemos unir mais\u00bb<\/strong>. E refor\u00e7ou: <strong>\u00abVou estar sempre aqui para apoiar as minhas amigas e as mulheres. Aquele momento foi um guardar de muitas situa\u00e7\u00f5es\u00bb.<\/strong><\/p>\n","protected":false},"excerpt":{"rendered":"Depois de semanas marcadas pela pol\u00e9mica, Vera decidiu falar abertamente sobre o que ficou por dizer. No Dois&hellip;\n","protected":false},"author":2,"featured_media":202751,"comment_status":"","ping_status":"","sticky":false,"template":"","format":"standard","meta":{"footnotes":""},"categories":[142],"tags":[329,166,3412,3406,3409,801,3410,3411,3407,3408,19105,114,115,3413,338,32,33,1315,151,11841],"class_list":{"0":"post-202750","1":"post","2":"type-post","3":"status-publish","4":"format-standard","5":"has-post-thumbnail","7":"category-tv","8":"tag-claudio-ramos","9":"tag-cristina-ferreira","10":"tag-dois-10","11":"tag-dois-a-s-10-dois-a-s-10","12":"tag-dois-a-s-dez","13":"tag-dois-as-10","14":"tag-dois-as-dez","15":"tag-dois-dez","16":"tag-doisas10","17":"tag-doisasdez","18":"tag-dylan","19":"tag-entertainment","20":"tag-entretenimento","21":"tag-manha-tvi","22":"tag-maria-botelho-moniz","23":"tag-portugal","24":"tag-pt","25":"tag-secret-story","26":"tag-tv","27":"tag-vera"},"share_on_mastodon":{"url":"https:\/\/pubeurope.com\/@pt\/115783603536414646","error":""},"_links":{"self":[{"href":"https:\/\/www.europesays.com\/pt\/wp-json\/wp\/v2\/posts\/202750","targetHints":{"allow":["GET"]}}],"collection":[{"href":"https:\/\/www.europesays.com\/pt\/wp-json\/wp\/v2\/posts"}],"about":[{"href":"https:\/\/www.europesays.com\/pt\/wp-json\/wp\/v2\/types\/post"}],"author":[{"embeddable":true,"href":"https:\/\/www.europesays.com\/pt\/wp-json\/wp\/v2\/users\/2"}],"replies":[{"embeddable":true,"href":"https:\/\/www.europesays.com\/pt\/wp-json\/wp\/v2\/comments?post=202750"}],"version-history":[{"count":0,"href":"https:\/\/www.europesays.com\/pt\/wp-json\/wp\/v2\/posts\/202750\/revisions"}],"wp:featuredmedia":[{"embeddable":true,"href":"https:\/\/www.europesays.com\/pt\/wp-json\/wp\/v2\/media\/202751"}],"wp:attachment":[{"href":"https:\/\/www.europesays.com\/pt\/wp-json\/wp\/v2\/media?parent=202750"}],"wp:term":[{"taxonomy":"category","embeddable":true,"href":"https:\/\/www.europesays.com\/pt\/wp-json\/wp\/v2\/categories?post=202750"},{"taxonomy":"post_tag","embeddable":true,"href":"https:\/\/www.europesays.com\/pt\/wp-json\/wp\/v2\/tags?post=202750"}],"curies":[{"name":"wp","href":"https:\/\/api.w.org\/{rel}","templated":true}]}}