{"id":202759,"date":"2025-12-26T03:07:11","date_gmt":"2025-12-26T03:07:11","guid":{"rendered":"https:\/\/www.europesays.com\/pt\/202759\/"},"modified":"2025-12-26T03:07:11","modified_gmt":"2025-12-26T03:07:11","slug":"teuda-bara-famosos-prestam-homenagens-a-atriz-25-12-2025-ilustrada","status":"publish","type":"post","link":"https:\/\/www.europesays.com\/pt\/202759\/","title":{"rendered":"Teuda Bara: Famosos prestam homenagens \u00e0 atriz &#8211; 25\/12\/2025 &#8211; Ilustrada"},"content":{"rendered":"<p>A fundadora do Grupo Galp\u00e3o <a href=\"https:\/\/www1.folha.uol.com.br\/ilustrada\/2017\/06\/1891010-veterana-deixou-de-ser-chacrete-para-fundar-grupo-galpao-ha-35-anos.shtml\" rel=\"nofollow noopener\" target=\"_blank\">Teuda Bara<\/a> <a href=\"https:\/\/www1.folha.uol.com.br\/ilustrada\/2025\/12\/morre-teuda-bara-atriz-e-fundadora-do-grupo-de-teatro-galpao-aos-84-anos.shtml\" rel=\"nofollow noopener\" target=\"\">morreu nesta quinta-feira (25) aos 84 anos<\/a>. O an\u00fancio foi feito pelo grupo teatral em suas redes sociais. Famosos usaram as redes sociais para lamentar o falecimento da atriz.<\/p>\n<p>Teuda Bara ser\u00e1 velada no Pal\u00e1cio das Artes, em Belo Horizonte, a partir das 10h desta sexta (26). A atriz Adeixa dois filhos, Andr\u00e9 e Admar. A causa da morte n\u00e3o foi divulgada.<\/p>\n<p>A atriz <a href=\"https:\/\/search.folha.uol.com.br\/search?q=%2522D%25E9bora%2520Lamm%2522&amp;site=online\" rel=\"nofollow noopener\" target=\"\">D\u00e9bora Lamm <\/a>publicou um conjunto de fotos com Teuda e lamentou: &#8220;Nossa Teudinha!! A saudade j\u00e1 transborda.&#8221;<\/p>\n<p>Antonio Grassi, ator e primo da atriz, afirmou sentir uma &#8220;uma tristeza imensa&#8221; com a morte da prima. &#8220;Teuda come\u00e7ou no teatro comigo, na pe\u00e7a Viva Ol\u00e9gario, em Belo Horizonte \u2014 um dos seus primeiros trabalhos. Dali em diante, construiu uma trajet\u00f3ria luminosa, marcada pela intelig\u00eancia c\u00eanica, pela coragem e por uma presen\u00e7a absolutamente \u00fanica. Sua risada, seu humor afiado, sua generosidade em cena e fora dela jamais ser\u00e3o substitu\u00eddos. Teuda \u00e9 dessas artistas que n\u00e3o passam: ficam. Ficam na mem\u00f3ria, no afeto, na hist\u00f3ria do nosso teatro. Muito triste. Mas profundamente grato por tudo o que ela nos deixou.&#8221;<\/p>\n<p>O ator <a href=\"https:\/\/search.folha.uol.com.br\/search?q=%2522Kiko%2520Mascarenhas%2522&amp;site=online\" rel=\"nofollow noopener\" target=\"\">Kiko Mascarenhas<\/a> tamb\u00e9m deixou uma mensagem. &#8220;Hoje Teuda Bara encantou-se. Partiu levando todo o amor e a admira\u00e7\u00e3o daqueles que tiveram a sorte de conviver com ela, de assisti-la em cena. Uma artista inesquec\u00edvel! Meu abra\u00e7o carinhoso aos muitos amigos, familiares e aos companheiros do @grupogalpao #descanseempaz.&#8221;<\/p>\n<p>O an\u00fancio da morte de Teuda foi feito pelo Grupo Galp\u00e3o nas redes sociais. Na publica\u00e7\u00e3o, o ator <a href=\"https:\/\/www1.folha.uol.com.br\/ilustrada\/2025\/07\/censura-na-tv-impede-que-o-publico-seja-incomodado-diz-o-ator-matheus-nachtergaele.shtml\" rel=\"nofollow noopener\" target=\"\">Matheus Nachtergaele<\/a> escreveu: &#8220;meus sentimentos mais profundos&#8221;. O cantor <a href=\"https:\/\/www1.folha.uol.com.br\/ilustrada\/2025\/03\/a-crueldade-das-elites-hoje-parece-a-colonizacao-de-antes-afirma-chico-cesar.shtml\" rel=\"nofollow noopener\" target=\"\">Chico C\u00e9sar<\/a> tamb\u00e9m lamentou a morte da atriz: &#8220;meus sentimentos, amigos. Recebam meu abra\u00e7o.&#8221; J\u00e1 D\u00e9bora Falabella comentou: &#8220;Teuda, t\u00e3o amada!&#8221;.<\/p>\n<p>Debora Bloch, Alexandre Nero, Mel Lisboa, Patr\u00edcia Pillar e Samuel Rosa tamb\u00e9m prestaram condol\u00eancias e lamentaram a morte da atriz.<\/p>\n<p>Nascida em Belo Horizonte, a atriz <a href=\"https:\/\/www1.folha.uol.com.br\/ilustrada\/2025\/12\/morre-teuda-bara-atriz-e-fundadora-do-grupo-de-teatro-galpao-aos-84-anos.shtml\" rel=\"nofollow noopener\" target=\"\">fundou o Grupo Galp\u00e3o<\/a> ao lado dos colegas Fernando Linares, Antonio Edson, Eduardo Moreira e Wanda Fernandes. Sua carreira foi marcada pela versatilidade e a veia c\u00f4mica de seus personagens, inspirados no popular e na dramaturgia cl\u00e1ssica.<\/p>\n","protected":false},"excerpt":{"rendered":"A fundadora do Grupo Galp\u00e3o Teuda Bara morreu nesta quinta-feira (25) aos 84 anos. O an\u00fancio foi feito&hellip;\n","protected":false},"author":2,"featured_media":202760,"comment_status":"","ping_status":"","sticky":false,"template":"","format":"standard","meta":{"footnotes":""},"categories":[145],"tags":[207,211,210,114,115,236,32,33,2387],"class_list":{"0":"post-202759","1":"post","2":"type-post","3":"status-publish","4":"format-standard","5":"has-post-thumbnail","7":"category-celebridades","8":"tag-arte","9":"tag-celebridades","10":"tag-celebrities","11":"tag-entertainment","12":"tag-entretenimento","13":"tag-folha","14":"tag-portugal","15":"tag-pt","16":"tag-teatro"},"share_on_mastodon":{"url":"https:\/\/pubeurope.com\/@pt\/115783666428121805","error":""},"_links":{"self":[{"href":"https:\/\/www.europesays.com\/pt\/wp-json\/wp\/v2\/posts\/202759","targetHints":{"allow":["GET"]}}],"collection":[{"href":"https:\/\/www.europesays.com\/pt\/wp-json\/wp\/v2\/posts"}],"about":[{"href":"https:\/\/www.europesays.com\/pt\/wp-json\/wp\/v2\/types\/post"}],"author":[{"embeddable":true,"href":"https:\/\/www.europesays.com\/pt\/wp-json\/wp\/v2\/users\/2"}],"replies":[{"embeddable":true,"href":"https:\/\/www.europesays.com\/pt\/wp-json\/wp\/v2\/comments?post=202759"}],"version-history":[{"count":0,"href":"https:\/\/www.europesays.com\/pt\/wp-json\/wp\/v2\/posts\/202759\/revisions"}],"wp:featuredmedia":[{"embeddable":true,"href":"https:\/\/www.europesays.com\/pt\/wp-json\/wp\/v2\/media\/202760"}],"wp:attachment":[{"href":"https:\/\/www.europesays.com\/pt\/wp-json\/wp\/v2\/media?parent=202759"}],"wp:term":[{"taxonomy":"category","embeddable":true,"href":"https:\/\/www.europesays.com\/pt\/wp-json\/wp\/v2\/categories?post=202759"},{"taxonomy":"post_tag","embeddable":true,"href":"https:\/\/www.europesays.com\/pt\/wp-json\/wp\/v2\/tags?post=202759"}],"curies":[{"name":"wp","href":"https:\/\/api.w.org\/{rel}","templated":true}]}}