{"id":202777,"date":"2025-12-26T03:40:11","date_gmt":"2025-12-26T03:40:11","guid":{"rendered":"https:\/\/www.europesays.com\/pt\/202777\/"},"modified":"2025-12-26T03:40:11","modified_gmt":"2025-12-26T03:40:11","slug":"eua-lancaram-inumeros-ataques-perfeitos-contra-o-estado-islamico-na-nigeria","status":"publish","type":"post","link":"https:\/\/www.europesays.com\/pt\/202777\/","title":{"rendered":"EUA lan\u00e7aram &#8220;in\u00fameros ataques perfeitos&#8221; contra o Estado Isl\u00e2mico na Nig\u00e9ria"},"content":{"rendered":"<p data-remotead-prev-elm=\"true\" data-remotead-elm-id=\"inread\">&#8220;O Departamento de Guerra executou in\u00fameros ataques perfeitos&#8221; no dia de Natal, contra alvos do Estado Isl\u00e2mico. J\u00e1 tinha avisado estes terroristas de que, se n\u00e3o parassem com o massacre de crist\u00e3os, haveria consequ\u00eancias terr\u00edveis, e esta noite, houve&#8221;, publicou Trump na sua rede social Truth Social. &#8220;Que Deus aben\u00e7oe as nossas For\u00e7as Armadas&#8221;, disse, acrescentando provocatoriamente: &#8220;Feliz Natal a todos, incluindo os terroristas mortos, dos quais haver\u00e1 muitos mais se o massacre de crist\u00e3os continuar&#8221;.<\/p>\n<p>O Comando dos EUA para \u00c1frica (AFRICOM) afirmou, numa publica\u00e7\u00e3o no Facebook, que realizou um ataque &#8220;a pedido das autoridades nigerianas, matando v\u00e1rios terroristas do Estado Isl\u00e2mico&#8221;.<\/p>\n<p>O secret\u00e1rio-geral do Pent\u00e1gono, Pete Hegseth, tamb\u00e9m usou o Facebook para elogiar a disponibilidade do departamento para agir na Nig\u00e9ria e disse estar &#8220;grato pelo apoio e coopera\u00e7\u00e3o do Governo nigeriano&#8221;.<\/p>\n<p data-remotead-prev-elm=\"true\" data-remotead-elm-id=\"centro1\">Os ataques marcam a primeira atua\u00e7\u00e3o das for\u00e7as norte-americanas na Nig\u00e9ria sob a administra\u00e7\u00e3o Trump e acontecem depois de o republicano ter criticado inesperadamente a na\u00e7\u00e3o da \u00c1frica Ocidental em outubro e novembro, afirmando que os crist\u00e3os enfrentavam uma &#8220;amea\u00e7a existencial&#8221; que equivalia a &#8220;genoc\u00eddio&#8221; numa altura de in\u00fameros conflitos armados da Nig\u00e9ria.<\/p>\n<p>A ofensiva diplom\u00e1tica foi bem recebida por alguns, mas interpretada por outros como uma forma de inflamar as tens\u00f5es religiosas no pa\u00eds mais populoso de \u00c1frica, que j\u00e1 assistiu a surtos de viol\u00eancia sect\u00e1ria no passado. O governo da Nig\u00e9ria e analistas independentes rejeitam enquadrar a viol\u00eancia no pa\u00eds em termos de persegui\u00e7\u00e3o religiosa, uma narrativa h\u00e1 muito utilizada pela direita crist\u00e3 nos EUA e na Europa.<\/p>\n","protected":false},"excerpt":{"rendered":"&#8220;O Departamento de Guerra executou in\u00fameros ataques perfeitos&#8221; no dia de Natal, contra alvos do Estado Isl\u00e2mico. J\u00e1&hellip;\n","protected":false},"author":2,"featured_media":202778,"comment_status":"","ping_status":"","sticky":false,"template":"","format":"standard","meta":{"footnotes":""},"categories":[50],"tags":[27,28,92,413,15,16,14,25,26,21,22,62,12,6021,13,19,20,23,24,17,18,29,30,31,63,64,65],"class_list":{"0":"post-202777","1":"post","2":"type-post","3":"status-publish","4":"format-standard","5":"has-post-thumbnail","7":"category-mundo","8":"tag-breaking-news","9":"tag-breakingnews","10":"tag-donald-trump","11":"tag-eua","12":"tag-featured-news","13":"tag-featurednews","14":"tag-headlines","15":"tag-latest-news","16":"tag-latestnews","17":"tag-main-news","18":"tag-mainnews","19":"tag-mundo","20":"tag-news","21":"tag-nigeria","22":"tag-noticias","23":"tag-noticias-principais","24":"tag-noticiasprincipais","25":"tag-principais-noticias","26":"tag-principaisnoticias","27":"tag-top-stories","28":"tag-topstories","29":"tag-ultimas","30":"tag-ultimas-noticias","31":"tag-ultimasnoticias","32":"tag-world","33":"tag-world-news","34":"tag-worldnews"},"share_on_mastodon":{"url":"https:\/\/pubeurope.com\/@pt\/115783796169787243","error":""},"_links":{"self":[{"href":"https:\/\/www.europesays.com\/pt\/wp-json\/wp\/v2\/posts\/202777","targetHints":{"allow":["GET"]}}],"collection":[{"href":"https:\/\/www.europesays.com\/pt\/wp-json\/wp\/v2\/posts"}],"about":[{"href":"https:\/\/www.europesays.com\/pt\/wp-json\/wp\/v2\/types\/post"}],"author":[{"embeddable":true,"href":"https:\/\/www.europesays.com\/pt\/wp-json\/wp\/v2\/users\/2"}],"replies":[{"embeddable":true,"href":"https:\/\/www.europesays.com\/pt\/wp-json\/wp\/v2\/comments?post=202777"}],"version-history":[{"count":0,"href":"https:\/\/www.europesays.com\/pt\/wp-json\/wp\/v2\/posts\/202777\/revisions"}],"wp:featuredmedia":[{"embeddable":true,"href":"https:\/\/www.europesays.com\/pt\/wp-json\/wp\/v2\/media\/202778"}],"wp:attachment":[{"href":"https:\/\/www.europesays.com\/pt\/wp-json\/wp\/v2\/media?parent=202777"}],"wp:term":[{"taxonomy":"category","embeddable":true,"href":"https:\/\/www.europesays.com\/pt\/wp-json\/wp\/v2\/categories?post=202777"},{"taxonomy":"post_tag","embeddable":true,"href":"https:\/\/www.europesays.com\/pt\/wp-json\/wp\/v2\/tags?post=202777"}],"curies":[{"name":"wp","href":"https:\/\/api.w.org\/{rel}","templated":true}]}}