{"id":202795,"date":"2025-12-26T04:04:13","date_gmt":"2025-12-26T04:04:13","guid":{"rendered":"https:\/\/www.europesays.com\/pt\/202795\/"},"modified":"2025-12-26T04:04:13","modified_gmt":"2025-12-26T04:04:13","slug":"com-a-chegada-do-verao-icara-reforca-alerta-para-prevencao-da-dengue-engeplus-com-br","status":"publish","type":"post","link":"https:\/\/www.europesays.com\/pt\/202795\/","title":{"rendered":"Com a chegada do ver\u00e3o, I\u00e7ara refor\u00e7a alerta para preven\u00e7\u00e3o da dengue &#8211; engeplus.com.br"},"content":{"rendered":"<ol>\n<li><a href=\"https:\/\/news.google.com\/rss\/articles\/CBMiswFBVV95cUxNaHRwYXVkM3hGcDdHMGstYXBseVEwaGxicVZNdHhQb0ZKV0lnejA2TExFdjJLWGZDOWQ4Y19uMzZ6UHc0cG9aRWN4SzFTVHI1a2FvWnR3MGFVQU81WWxubGNtTW1fTnlrY3pHR1RKSGY2V2phUlVyZlUyOXZOQU5jZEl3dEJ6M3pNWllta3VmZE9CRmoyN3Z5TVZ1N1RDYnlEb1EtVEVTZ2FoQUtKYkNIRnNlaw?oc=5\" target=\"_blank\" rel=\"nofollow noopener\">Com a chegada do ver\u00e3o, I\u00e7ara refor\u00e7a alerta para preven\u00e7\u00e3o da dengue<\/a>&nbsp;&nbsp;engeplus.com.br<\/li>\n<li><a href=\"https:\/\/news.google.com\/rss\/articles\/CBMiwgFBVV95cUxPZ2VaUDlUaWtFVGxUdkpKSjd2Tm93SS01V0VNWDFhNmRGUTF4X2RIS19RSG1ha0lxcDB0Wk9kNUlCQzhpNG0zVjBFOFZvUkxQYW9Mc1NkOWdCX0tBZzJNemdwSTIwc0JXZTF4Unl2b0NlNDlCUG8wUjlReEdOOUtacmNVSXhfbmNPUFBFcFliWjhmU0piMFR4MWRZZ0ZiRHhJSllzN1RDeXdnY244MGhHZURPQ25pSmdXQTVTWUVHMnVuQdIBxwFBVV95cUxQd1NPOEQ0TXdQOGJPU2tvbUpqcDJVeWw5SERJZE9DTC03SVFHVWxaaUQ5RVpsVjR6T1BxdmhxZ09kOHd0bGZRRk1GenZDQUlVSGplZnZCWEZGNWNlRGFHcUV3UDVJeW1vQW5mbjl3c21OS1hCdUh1VzFBejNlU0tnTUZ3cEVPZTdibkxjSmxMMllsY19oZjdxM0VGMF9qLVNpR2kyX1NRZ2RTYW1iV1Z3U3FHOXZHYlNhSXVNa204WFdlWlFnekdz?oc=5\" target=\"_blank\" rel=\"nofollow noopener\">CCZ desdobra a\u00e7\u00f5es contra o &#8220;mosquito da dengue&#8221; e busca apoio da popula\u00e7\u00e3o<\/a>&nbsp;&nbsp;O Dia<\/li>\n<li><a href=\"https:\/\/news.google.com\/rss\/articles\/CBMivgFBVV95cUxNcDlwTTc2djctcjhCNHk2LU9zTlExZTI1Z0hMaUdENnM4cF81WGYyU3VHTlo0QVdFQ1R0Qkg5MWJhVTlOcHdZbVZoRFd0QVo4bkhQaDVORHZoMmd5Y0dFdm5oSVlQV1dlQzRqUm9QLU9vMDlSY3NVV19ORzVHbUJJb2VXRi1LbEZETGZ6dGJfZm4wdFNESEM5Z1ZuSG9kaDczUHpVcXA0SFk2WjJmOEFnZnA0Z05Ib3k2Y1JyVjRn?oc=5\" target=\"_blank\" rel=\"nofollow noopener\">Vai viajar? Sa\u00fade alerta sobre cuidados para evitar a dengue em casa e no local de destino<\/a>&nbsp;&nbsp;T\u00e1sabendo<\/li>\n<li><a href=\"https:\/\/news.google.com\/rss\/articles\/CBMi3AFBVV95cUxPWlVvTTljdGUtQ1UzS2E5TFFGaXh2V2JNaG4zcVhmdS1IbTZudTVyUW9heDhlLWpXcFhPYUZLUW9ma2JRaWRGRmxMbE91OG5PQkc2RkxqNEVMOWpqTVRUWUJkTXlJUklJNzJaYW9uT3BxOFAySWZwSGt2MmFzLUN6dC1BNjUtUURVZ0J3SXpPaFMyNTFTT1d3ZVV0enVDc3NUZldRZHZwcTFTQjQwNDQxMm9Sb0p6d2swdnpfSG9tb2NqYjhhTENkcmgtWnBLZDZFaGJxdVNGMHhtYm1p?oc=5\" target=\"_blank\" rel=\"nofollow noopener\">Dengue n\u00e3o tira f\u00e9rias: Prefeitura de Tr\u00eas Lagoas refor\u00e7a alerta contra o Aedes aegypti<\/a>&nbsp;&nbsp;hojemais.com.br<\/li>\n<li><a href=\"https:\/\/news.google.com\/rss\/articles\/CBMimgFBVV95cUxOUWswa21RdnppMm9uZGxPaV9HNHkxczZscDZaeEJQQjkxLThUcnhMbl9qQUZfZFZja1FYOGFUaXVhbW1DdGZPblFVMzVuanhBM1N1d3ZBQmJKaVNQMVgxOXFvWV9EMF9rS2lqQWVtMlIycFVRX2JMYjlkZF9TYXhwbVRMRWJqVDZsbU5xaVpUdkxwZV9sSlV5UER3?oc=5\" target=\"_blank\" rel=\"nofollow noopener\">Brasil registra 1,66 milh\u00e3o de casos prov\u00e1veis de dengue em 2025<\/a>&nbsp;&nbsp;Gazeta de Toledo<\/li>\n<\/ol>\n","protected":false},"excerpt":{"rendered":"Com a chegada do ver\u00e3o, I\u00e7ara refor\u00e7a alerta para preven\u00e7\u00e3o da dengue&nbsp;&nbsp;engeplus.com.br CCZ desdobra a\u00e7\u00f5es contra o &#8220;mosquito&hellip;\n","protected":false},"author":2,"featured_media":202796,"comment_status":"","ping_status":"","sticky":false,"template":"","format":"standard","meta":{"footnotes":""},"categories":[86],"tags":[1896,40271,116,27099,32,33,117],"class_list":{"0":"post-202795","1":"post","2":"type-post","3":"status-publish","4":"format-standard","5":"has-post-thumbnail","7":"category-saude","8":"tag-aedes-aegypti","9":"tag-chegada-do-verao","10":"tag-health","11":"tag-icara","12":"tag-portugal","13":"tag-pt","14":"tag-saude"},"share_on_mastodon":{"url":"https:\/\/pubeurope.com\/@pt\/115783890632172535","error":""},"_links":{"self":[{"href":"https:\/\/www.europesays.com\/pt\/wp-json\/wp\/v2\/posts\/202795","targetHints":{"allow":["GET"]}}],"collection":[{"href":"https:\/\/www.europesays.com\/pt\/wp-json\/wp\/v2\/posts"}],"about":[{"href":"https:\/\/www.europesays.com\/pt\/wp-json\/wp\/v2\/types\/post"}],"author":[{"embeddable":true,"href":"https:\/\/www.europesays.com\/pt\/wp-json\/wp\/v2\/users\/2"}],"replies":[{"embeddable":true,"href":"https:\/\/www.europesays.com\/pt\/wp-json\/wp\/v2\/comments?post=202795"}],"version-history":[{"count":0,"href":"https:\/\/www.europesays.com\/pt\/wp-json\/wp\/v2\/posts\/202795\/revisions"}],"wp:featuredmedia":[{"embeddable":true,"href":"https:\/\/www.europesays.com\/pt\/wp-json\/wp\/v2\/media\/202796"}],"wp:attachment":[{"href":"https:\/\/www.europesays.com\/pt\/wp-json\/wp\/v2\/media?parent=202795"}],"wp:term":[{"taxonomy":"category","embeddable":true,"href":"https:\/\/www.europesays.com\/pt\/wp-json\/wp\/v2\/categories?post=202795"},{"taxonomy":"post_tag","embeddable":true,"href":"https:\/\/www.europesays.com\/pt\/wp-json\/wp\/v2\/tags?post=202795"}],"curies":[{"name":"wp","href":"https:\/\/api.w.org\/{rel}","templated":true}]}}