{"id":202814,"date":"2025-12-26T05:00:20","date_gmt":"2025-12-26T05:00:20","guid":{"rendered":"https:\/\/www.europesays.com\/pt\/202814\/"},"modified":"2025-12-26T05:00:20","modified_gmt":"2025-12-26T05:00:20","slug":"isabel-veloso-acorda-de-coma","status":"publish","type":"post","link":"https:\/\/www.europesays.com\/pt\/202814\/","title":{"rendered":"Isabel Veloso acorda de coma"},"content":{"rendered":"<p class=\"texto\">A influenciadora Isabel Veloso acordou nesta quinta-feira (25\/12) ap\u00f3s passar quase um m\u00eas em coma. A jovem, 19 anos, luta contra um c\u00e2ncer no sistema linf\u00e1tico, conhecido como Linfoma de Hodgkin (LH). A not\u00edcia foi confirmada por parentes de Isabel nas redes sociais.<\/p>\n<p class=\"texto\">&#8220;Nossa princesa est\u00e1 acordada. Bem cuidada, forte e gigante na f\u00e9 e luta. Cada respira\u00e7\u00e3o dela \u00e9 um milagre, cada olhar um sinal de esperan\u00e7a. Seguimos firmes, agradecidos por cada passo e por todas as ora\u00e7\u00f5es, Deus est\u00e1 conosco&#8221;, postou o pai de Isabel, Joelson.<\/p>\n<p class=\"texto\">O marido da influenciadora, Lucas Borbas, contou que o despertar foi cheio de emo\u00e7\u00e3o e que Isabel chorou.<\/p>\n<p>Longa luta pela vida<\/p>\n<p class=\"texto\">Isabel foi internada no fim de novembro ap\u00f3s ter uma crise respirat\u00f3ria. A influenciadora teve de ser entubada. Ainda em outubro, Isabel passou por um transplante de medula na luta contra um c\u00e2ncer no sistema linf\u00e1tico, conhecido como Linfoma de Hodgkin (LH). No come\u00e7o de dezembro, uma pneumonia grave causou a interna\u00e7\u00e3o que perdura at\u00e9 o momento.<\/p>\n<ul>\n<li><a href=\"https:\/\/wa.me\/?text=%22Forte+e+gigante%22%3A+Isabel+Veloso+acorda+de+coma%20https:\/\/www.correiobraziliense.com.br\/diversao-e-arte\/2025\/12\/7321091-isabel-veloso-acorda-de-coma.html\" target=\"_blank\" title=\"Whatsapp\" aria-label=\"WhatsApp\" rel=\"nofollow noopener\"><\/a><\/li>\n<li><a href=\"https:\/\/www.facebook.com\/sharer.php?u=https:\/\/www.correiobraziliense.com.br%2Fdiversao-e-arte%2F2025%2F12%2F7321091-isabel-veloso-acorda-de-coma.html&amp;text=%22Forte+e+gigante%22%3A+Isabel+Veloso+acorda+de+coma\" target=\"_blank\" title=\"Facebook\" aria-label=\"Facebook\" rel=\"nofollow noopener\"><\/a><\/li>\n<li><a href=\"https:\/\/twitter.com\/intent\/tweet?url=https:\/\/www.correiobraziliense.com.br%2Fdiversao-e-arte%2F2025%2F12%2F7321091-isabel-veloso-acorda-de-coma.html&amp;text=%22Forte+e+gigante%22%3A+Isabel+Veloso+acorda+de+coma\" target=\"_blank\" title=\"Twitter\" aria-label=\"Twitter\" rel=\"nofollow noopener\"><\/a><\/li>\n<li><a href=\"https:\/\/profile.google.com\/cp\/CgovbS8wNzZ0dms1\" title=\"Google Discover\" target=\"_blank\" aria-label=\"Google Discover\" rel=\"nofollow noopener\"><img decoding=\"async\" src=\"https:\/\/www.europesays.com\/pt\/wp-content\/uploads\/2025\/12\/google-discover-icon.png\" style=\"height: 25px; margin: 0 !important; margin-left: 3px;\" alt=\"Google Discover Icon\"\/><\/a><\/li>\n<\/ul>\n<p>              <a href=\"https:\/\/www.correiobraziliense.com.br\/autor\/ronayre-nunes\/page\/1\/\" style=\"height: 100%;\" rel=\"nofollow noopener\" target=\"_blank\"><img decoding=\"async\" class=\"hidden-print author-circle d-block h6 mt-0 mb-0 mr-6 text-center\" src=\"https:\/\/www.europesays.com\/pt\/wp-content\/uploads\/2025\/12\/27102023km_16_30485274-30494491.jpg\" alt=\"\" width=\"40\" height=\"40\" loading=\"lazy\" style=\"object-fit:cover; width: 40px; height: 40px; margin-right:10px;\"\/><\/a><a href=\"https:\/\/www.correiobraziliense.com.br\/autor\/ronayre-nunes\/page\/1\/\" rel=\"nofollow noopener\" target=\"_blank\"><img decoding=\"async\" class=\"hidden-print author-circle d-block h6 mt-0 mb-0 mr-6 text-center\" src=\"https:\/\/www.europesays.com\/pt\/wp-content\/uploads\/2025\/12\/27102023km_16_30485274-30494491.jpg\" alt=\"\" width=\"40\" height=\"40\" loading=\"lazy\" style=\"object-fit:cover; width: 40px; height: 40px; margin-right:10px;\"\/><\/a>Ronayre Nunes  <strong class=\"entryStrongAuthor\">Subeditor<\/strong><\/p>\n<p class=\"entryDescricaoAuthor\">Subeditor da editoria on-line do jornal Correio Braziliense. Formado em Comunica\u00e7\u00e3o Social &#8211; Jornalismo pela Faculdade de Comunica\u00e7\u00e3o (FAC) da Universidade de Bras\u00edlia (UnB). Entusiasta de automobilismo, s\u00e9ries e entretenimento em geral.<\/p>\n<p>                          <script async src=\"https:\/\/platform.twitter.com\/widgets.js\" charset=\"utf-8\"><\/script><\/p>\n","protected":false},"excerpt":{"rendered":"A influenciadora Isabel Veloso acordou nesta quinta-feira (25\/12) ap\u00f3s passar quase um m\u00eas em coma. A jovem, 19&hellip;\n","protected":false},"author":2,"featured_media":202815,"comment_status":"","ping_status":"","sticky":false,"template":"","format":"standard","meta":{"footnotes":""},"categories":[145],"tags":[1776,211,210,114,115,5228,32,33,117],"class_list":{"0":"post-202814","1":"post","2":"type-post","3":"status-publish","4":"format-standard","5":"has-post-thumbnail","7":"category-celebridades","8":"tag-cancer","9":"tag-celebridades","10":"tag-celebrities","11":"tag-entertainment","12":"tag-entretenimento","13":"tag-influenciadora","14":"tag-portugal","15":"tag-pt","16":"tag-saude"},"share_on_mastodon":{"url":"https:\/\/pubeurope.com\/@pt\/115784111203677935","error":""},"_links":{"self":[{"href":"https:\/\/www.europesays.com\/pt\/wp-json\/wp\/v2\/posts\/202814","targetHints":{"allow":["GET"]}}],"collection":[{"href":"https:\/\/www.europesays.com\/pt\/wp-json\/wp\/v2\/posts"}],"about":[{"href":"https:\/\/www.europesays.com\/pt\/wp-json\/wp\/v2\/types\/post"}],"author":[{"embeddable":true,"href":"https:\/\/www.europesays.com\/pt\/wp-json\/wp\/v2\/users\/2"}],"replies":[{"embeddable":true,"href":"https:\/\/www.europesays.com\/pt\/wp-json\/wp\/v2\/comments?post=202814"}],"version-history":[{"count":0,"href":"https:\/\/www.europesays.com\/pt\/wp-json\/wp\/v2\/posts\/202814\/revisions"}],"wp:featuredmedia":[{"embeddable":true,"href":"https:\/\/www.europesays.com\/pt\/wp-json\/wp\/v2\/media\/202815"}],"wp:attachment":[{"href":"https:\/\/www.europesays.com\/pt\/wp-json\/wp\/v2\/media?parent=202814"}],"wp:term":[{"taxonomy":"category","embeddable":true,"href":"https:\/\/www.europesays.com\/pt\/wp-json\/wp\/v2\/categories?post=202814"},{"taxonomy":"post_tag","embeddable":true,"href":"https:\/\/www.europesays.com\/pt\/wp-json\/wp\/v2\/tags?post=202814"}],"curies":[{"name":"wp","href":"https:\/\/api.w.org\/{rel}","templated":true}]}}