{"id":202820,"date":"2025-12-26T05:11:13","date_gmt":"2025-12-26T05:11:13","guid":{"rendered":"https:\/\/www.europesays.com\/pt\/202820\/"},"modified":"2025-12-26T05:11:13","modified_gmt":"2025-12-26T05:11:13","slug":"trump-anuncia-ataques-contra-o-estado-islamico-na-nigeria-observador","status":"publish","type":"post","link":"https:\/\/www.europesays.com\/pt\/202820\/","title":{"rendered":"Trump anuncia ataques contra o Estado Isl\u00e2mico na Nig\u00e9ria \u2013 Observador"},"content":{"rendered":"<p>Donald\u00a0Trump anunciou esta quinta-feira que as For\u00e7as Armadas norte-americana atacaram operacionais do Estado Isl\u00e2mico na Nig\u00e9ria, como resposta em rela\u00e7\u00e3o ao que Trump dizer ser a morte de crist\u00e3os naquele pa\u00eds africano. Num <a href=\"https:\/\/truthsocial.com\/@realDonaldTrump\/posts\/115782683955516402\" rel=\"nofollow noopener\" target=\"_blank\">post<\/a> na rede social Truth Social, o chefe de estado norte-americano classificou o ataque contra o Daesh como <strong>\u201cpoderoso e mortal<\/strong>\u201c.<\/p>\n<p>\u201cEsta noite, sob minhas ordens como Comandante-em-Chefe, os Estados Unidos lan\u00e7aram um ataque poderoso e mortal contra a esc\u00f3ria terrorista do ISIS [Estado Isl\u00e2mico] no noroeste da Nig\u00e9ria, que tem atacado e assassinado brutalmente, principalmente, crist\u00e3os inocentes, em n\u00edveis nunca vistos h\u00e1 muitos anos, at\u00e9 mesmo s\u00e9culos!\u201d, escreve Donald Trump esta quinta-feira, n\u00e3o especificando que alvos foram atingidos nem quando.<\/p>\n<blockquote class=\"twitter-tweet\" data-width=\"500\" data-dnt=\"true\">\n<p lang=\"en\" dir=\"ltr\">AFRICOM conducted a strike at the request of Nigerian authorities in Soboto State killing multiple ISIS terrorists. Lethal strikes against ISIS demonstrate the strength of our military and our commitment to eliminating terrorist threats against Americans at home and abroad.<\/p>\n<p>\u2014 U.S. Africa Command (AFRICOM) (@USAfricaCommand) <a href=\"https:\/\/twitter.com\/USAfricaCommand\/status\/2004331055021760548?ref_src=twsrc%5Etfw\" rel=\"nofollow noopener\" target=\"_blank\">December 25, 2025<\/a><\/p>\n<\/blockquote>\n<p>De acordo o Comando Africano dos Estados Unidos (Africom), o ataque foi lan\u00e7ado \u201c<strong>a pedido das autoridades nigerianas, na regi\u00e3o de Sokoto<\/strong>\u201c, no Norte do pa\u00eds, tendo sito mortos \u201cv\u00e1rios terroristas\u201d do Daesh. Os ataques, sublinha o Africom, na <a href=\"https:\/\/x.com\/USAfricaCommand\/status\/2004331055021760548?ref_src=twsrc%5Egoogle%7Ctwcamp%5Eserp%7Ctwgr%5Etweet\" rel=\"nofollow\">rede social X<\/a>, demonstram a \u201cfor\u00e7a\u201d das tropas americanos e o \u201ccompromisso em eliminar as amea\u00e7as terroristas contra os americanos no pa\u00eds e no estrangeiro\u201d.<\/p>\n<blockquote class=\"wp-embedded-content\" data-secret=\"PDCCMaStha\">\n<p><a href=\"https:\/\/observador.pt\/2025\/11\/02\/trump-deu-ordem-ao-departamento-da-defesa-para-preparar-possivel-acao-militar-na-nigeria\/\" rel=\"nofollow noopener\" target=\"_blank\">Trump deu ordem ao Departamento da Defesa para preparar \u201cposs\u00edvel a\u00e7\u00e3o\u201d militar na Nig\u00e9ria<\/a><\/p>\n<\/blockquote>\n<p>O\u00a0presidente dos EUA lembrou, na publica\u00e7\u00e3o que fez na Truth Social, que j\u00e1 \u201ctinha alertado esses terroristas de que, se n\u00e3o parassem com o massacre de crist\u00e3os, haveria consequ\u00eancias terr\u00edveis, e esta noite, elas vieram\u201d. Recorde-se que Donald Trump j\u00e1 tinha <a href=\"https:\/\/observador.pt\/2025\/11\/02\/trump-deu-ordem-ao-departamento-da-defesa-para-preparar-possivel-acao-militar-na-nigeria\/\" rel=\"nofollow noopener\" target=\"_blank\">admitido<\/a>, no in\u00edcio de novembro. Recorde-se que Donald Trump j\u00e1 tinha admitido, no in\u00edcio de novembro, uma \u201cposs\u00edvel a\u00e7\u00e3o\u201d militar na Nig\u00e9ria. Na altura, acusou o governo nigeriano de n\u00e3o proteger os crist\u00e3os e anunciou a suspens\u00e3o de todo o apoio \u00e0quele pa\u00eds.<\/p>\n<p>Esta quinta-feira, Trump garantiu que \u201cn\u00e3o permitir\u00e1 que o terrorismo isl\u00e2mico radical prospere\u201d, deixando ainda um aviso aos elementos do Daesh que operam na Nig\u00e9ria. \u201cQue Deus aben\u00e7oe nossas For\u00e7as Armadas e um FELIZ NATAL a todos, incluindo aos terroristas mortos, e haver\u00e1 muitos mais se o massacre de crist\u00e3os continuar\u201d, sublinhou Trump.<\/p>\n<p>            <script async src=\"https:\/\/platform.twitter.com\/widgets.js\" charset=\"utf-8\"><\/script><\/p>\n","protected":false},"excerpt":{"rendered":"Donald\u00a0Trump anunciou esta quinta-feira que as For\u00e7as Armadas norte-americana atacaram operacionais do Estado Isl\u00e2mico na Nig\u00e9ria, como resposta&hellip;\n","protected":false},"author":2,"featured_media":202821,"comment_status":"","ping_status":"","sticky":false,"template":"","format":"standard","meta":{"footnotes":""},"categories":[50],"tags":[624,27,28,92,14098,623,15,16,14,25,26,21,22,62,12,30703,13,19,20,23,24,17,18,29,30,31,63,64,65],"class_list":{"0":"post-202820","1":"post","2":"type-post","3":"status-publish","4":"format-standard","5":"has-post-thumbnail","7":"category-mundo","8":"tag-amu00e9rica","9":"tag-breaking-news","10":"tag-breakingnews","11":"tag-donald-trump","12":"tag-estado-islu00e2mico","13":"tag-estados-unidos-da-amu00e9rica","14":"tag-featured-news","15":"tag-featurednews","16":"tag-headlines","17":"tag-latest-news","18":"tag-latestnews","19":"tag-main-news","20":"tag-mainnews","21":"tag-mundo","22":"tag-news","23":"tag-nigu00e9ria","24":"tag-noticias","25":"tag-noticias-principais","26":"tag-noticiasprincipais","27":"tag-principais-noticias","28":"tag-principaisnoticias","29":"tag-top-stories","30":"tag-topstories","31":"tag-ultimas","32":"tag-ultimas-noticias","33":"tag-ultimasnoticias","34":"tag-world","35":"tag-world-news","36":"tag-worldnews"},"share_on_mastodon":{"url":"https:\/\/pubeurope.com\/@pt\/115784154017199522","error":""},"_links":{"self":[{"href":"https:\/\/www.europesays.com\/pt\/wp-json\/wp\/v2\/posts\/202820","targetHints":{"allow":["GET"]}}],"collection":[{"href":"https:\/\/www.europesays.com\/pt\/wp-json\/wp\/v2\/posts"}],"about":[{"href":"https:\/\/www.europesays.com\/pt\/wp-json\/wp\/v2\/types\/post"}],"author":[{"embeddable":true,"href":"https:\/\/www.europesays.com\/pt\/wp-json\/wp\/v2\/users\/2"}],"replies":[{"embeddable":true,"href":"https:\/\/www.europesays.com\/pt\/wp-json\/wp\/v2\/comments?post=202820"}],"version-history":[{"count":0,"href":"https:\/\/www.europesays.com\/pt\/wp-json\/wp\/v2\/posts\/202820\/revisions"}],"wp:featuredmedia":[{"embeddable":true,"href":"https:\/\/www.europesays.com\/pt\/wp-json\/wp\/v2\/media\/202821"}],"wp:attachment":[{"href":"https:\/\/www.europesays.com\/pt\/wp-json\/wp\/v2\/media?parent=202820"}],"wp:term":[{"taxonomy":"category","embeddable":true,"href":"https:\/\/www.europesays.com\/pt\/wp-json\/wp\/v2\/categories?post=202820"},{"taxonomy":"post_tag","embeddable":true,"href":"https:\/\/www.europesays.com\/pt\/wp-json\/wp\/v2\/tags?post=202820"}],"curies":[{"name":"wp","href":"https:\/\/api.w.org\/{rel}","templated":true}]}}