{"id":202824,"date":"2025-12-26T05:16:22","date_gmt":"2025-12-26T05:16:22","guid":{"rendered":"https:\/\/www.europesays.com\/pt\/202824\/"},"modified":"2025-12-26T05:16:22","modified_gmt":"2025-12-26T05:16:22","slug":"de-neymar-a-ana-castela-confira-como-foi-o-natal-dos-famosos","status":"publish","type":"post","link":"https:\/\/www.europesays.com\/pt\/202824\/","title":{"rendered":"De Neymar a Ana Castela: confira como foi o Natal dos famosos"},"content":{"rendered":"<p data-component-name=\"paragraph\" class=\"styles__ParagraphStyled-sc-6adecn-0 gsLklW  \">A noite de <strong>Natal<\/strong> foi marcada por encontros, celebra\u00e7\u00f5es e registros nas redes sociais entre os famosos. Celebridades como <a href=\"https:\/\/www.estadao.com.br\/tudo-sobre\/ana-castela\/\" target=\"_blank\" rel=\"nofollow noopener\" title=\"https:\/\/www.estadao.com.br\/tudo-sobre\/ana-castela\/\">Ana Castela<\/a> e <a href=\"https:\/\/www.estadao.com.br\/tudo-sobre\/ze-felipe\/\" target=\"_blank\" rel=\"nofollow noopener\" title=\"https:\/\/www.estadao.com.br\/tudo-sobre\/ze-felipe\/\">Z\u00e9 Felipe<\/a>, <a href=\"https:\/\/www.estadao.com.br\/tudo-sobre\/neymar\/\" target=\"_blank\" rel=\"nofollow noopener\" title=\"https:\/\/www.estadao.com.br\/tudo-sobre\/neymar\/\">Neymar<\/a>, <a href=\"https:\/\/www.estadao.com.br\/tudo-sobre\/anitta\/\" target=\"_blank\" rel=\"nofollow noopener\" title=\"https:\/\/www.estadao.com.br\/tudo-sobre\/anitta\/\">Anitta<\/a>, <a href=\"https:\/\/www.estadao.com.br\/tudo-sobre\/leo-santana\/\" target=\"_blank\" rel=\"nofollow noopener\" title=\"https:\/\/www.estadao.com.br\/tudo-sobre\/leo-santana\/\">Leo Santana<\/a>, <a href=\"https:\/\/www.estadao.com.br\/tudo-sobre\/sabrina-sato\/\" target=\"_blank\" rel=\"nofollow noopener\" title=\"https:\/\/www.estadao.com.br\/tudo-sobre\/sabrina-sato\/\">Sabrina Sato<\/a>, <a href=\"https:\/\/www.estadao.com.br\/tudo-sobre\/lazaro-ramos\/\" target=\"_blank\" rel=\"nofollow noopener\" title=\"https:\/\/www.estadao.com.br\/tudo-sobre\/lazaro-ramos\/\">L\u00e1zaro Ramos<\/a> e <a href=\"https:\/\/www.estadao.com.br\/tudo-sobre\/tais-araujo\/\" target=\"_blank\" rel=\"nofollow noopener\" title=\"https:\/\/www.estadao.com.br\/tudo-sobre\/tais-araujo\/\">Ta\u00eds Ara\u00fajo<\/a> compartilharam momentos ao lado da fam\u00edlia e de amigos, mostrando ceias, decora\u00e7\u00f5es e tradi\u00e7\u00f5es da data.<\/p>\n<p><img  loading=\"lazy\" class=\"lazy-load-img\"\/><\/p>\n<p>Neymar e Bruna Biancardi com as filhas Mavie e Mel\u00a0Foto:  @brunabiancardi via Instagram<\/p>\n<p data-component-name=\"paragraph\" class=\"styles__ParagraphStyled-sc-6adecn-0 gsLklW  \">Entre ceias caprichadas, \u00e1rvores iluminadas e encontros em fam\u00edlia, eles deram aos seguidores um gostinho de como foi a noite especial.<\/p>\n<p>Ana Castela e Z\u00e9 Felipe<\/p>\n<p data-component-name=\"paragraph\" class=\"styles__ParagraphStyled-sc-6adecn-0 gsLklW  \">A cantora <a href=\"https:\/\/www.estadao.com.br\/emais\/gente\/ana-castela-passa-primeiro-natal-com-a-familia-de-ze-felipe-e-compartilha-momentos-descontraidos-nprec\/\" target=\"_blank\" rel=\"nofollow noopener\" title=\"https:\/\/www.estadao.com.br\/emais\/gente\/ana-castela-passa-primeiro-natal-com-a-familia-de-ze-felipe-e-compartilha-momentos-descontraidos-nprec\/\">Ana Castela<\/a> passou o seu primeiro Natal ao lado do namorado <a href=\"https:\/\/www.estadao.com.br\/emais\/gente\/ana-castela-passa-primeiro-natal-com-a-familia-de-ze-felipe-e-compartilha-momentos-descontraidos-nprec\/\" target=\"_blank\" rel=\"nofollow noopener\" title=\"https:\/\/www.estadao.com.br\/emais\/gente\/ana-castela-passa-primeiro-natal-com-a-familia-de-ze-felipe-e-compartilha-momentos-descontraidos-nprec\/\">Z\u00e9 Felipe<\/a>. Na casa de Leonardo e Poliana Rocha, a boiadeira mostrou nas redes sociais como foram as comemora\u00e7\u00f5es. Foto com os enteados, ceia farta, bingo, brincadeiras com o sogro e coreografias com a fam\u00edlia marcaram a data.<\/p>\n<p>Neymar e Bruna Biancardi<\/p>\n<p data-component-name=\"paragraph\" class=\"styles__ParagraphStyled-sc-6adecn-0 gsLklW  \">O Natal de Neymar e Bruna foi luxuoso e animado. O casal compartilhou no Instagram a decora\u00e7\u00e3o do grande sal\u00e3o onde fizeram a ceia de Natal, receberam o Papai Noel e um coral e trocaram presentes.<\/p>\n<p>Anitta<\/p>\n<p data-component-name=\"paragraph\" class=\"styles__ParagraphStyled-sc-6adecn-0 gsLklW  \">A cantora <a href=\"https:\/\/www.estadao.com.br\/tudo-sobre\/anitta\/\" target=\"_blank\" rel=\"nofollow noopener\" title=\"https:\/\/www.estadao.com.br\/tudo-sobre\/anitta\/\">Anitta<\/a> passou a v\u00e9spera do Natal com fam\u00edlia e amigos. A celebra\u00e7\u00e3o tamb\u00e9m marcou o anivers\u00e1rio de sua m\u00e3e, Miriam Macedo. Em clima descontra\u00eddo, Anitta compartilhou fotos com os amigos, o namorado Ian Botolanza e o cachorro Pl\u00ednio. A reuni\u00e3o teve troca de presentes e terminou com os convidados dan\u00e7ando pela casa da cantora.<\/p>\n<p>Sabrina Sato<\/p>\n<p data-component-name=\"paragraph\" class=\"styles__ParagraphStyled-sc-6adecn-0 gsLklW  \">Sabrina teve um Natal um pouco diferente. Ela e a fam\u00edlia resolveram antecipar a celebra\u00e7\u00e3o, porque pela primeira vez passar\u00e1 o Natal longe da filha Zoe. \u201cFoi simples e cheio de afeto\u201d, escreveu a apresentadora. O pai da apresentadora precisou ser internado, ele foi diagnosticado com c\u00e2ncer no p\u00e2ncreas em agosto deste ano.<\/p>\n<p>Virginia e Vini Jr.<\/p>\n<p data-component-name=\"paragraph\" class=\"styles__ParagraphStyled-sc-6adecn-0 gsLklW  \">A influenciadora e empres\u00e1ria <a href=\"https:\/\/www.estadao.com.br\/tudo-sobre\/virginia-fonseca\/\" target=\"_blank\" rel=\"nofollow noopener\" title=\"https:\/\/www.estadao.com.br\/tudo-sobre\/virginia-fonseca\/\">Virginia Fonseca<\/a> passou o primeiro Natal ao lado do namorado, <a href=\"https:\/\/www.estadao.com.br\/tudo-sobre\/vinicius-junior\/\" target=\"_blank\" rel=\"nofollow noopener\" title=\"https:\/\/www.estadao.com.br\/tudo-sobre\/vinicius-junior\/\">Vini Jr.<\/a> \u201cFeliz natal!!!!!! Que Jesus renas\u00e7a em nossos cora\u00e7\u00f5es e esteja sempre presente em nossas vidas, am\u00e9m\u201d, escreveu Virginia. O casal j\u00e1 havia celebrado a data na ter\u00e7a-feira, com uma festa na mans\u00e3o do jogador do Real Madrid Rio de Janeiro. Em seu Instagram, Vini Jr. Tamb\u00e9m compartilhou fotos com a fam\u00edlia e a namorada.<\/p>\n<p>Leo Santana e Lore Improta<\/p>\n<p data-component-name=\"paragraph\" class=\"styles__ParagraphStyled-sc-6adecn-0 gsLklW  \">O cantor e a dan\u00e7arina \u2013 gr\u00e1vida do segundo filho do casal \u2013 tamb\u00e9m compartilharam fotos do Natal ao lado da fam\u00edlia em Salvador. \u201cPassando para desejar um Feliz Natal para todos voc\u00eas. Por aqui, fam\u00edlia reunida e muito amor nessa noite especial\u201d, escreveu Lore. Em v\u00eddeos no Instagram, Lore mostrou ainda que a filha Liz, 4, ganhou dois hamsters dos av\u00f3s maternos.<\/p>\n<p>L\u00e1zaro Ramos e Ta\u00eds Ara\u00fajo<\/p>\n<p data-component-name=\"paragraph\" class=\"styles__ParagraphStyled-sc-6adecn-0 gsLklW  \">O casal de atores passou o Natal juntos ao lado de outros familiares. Todos os presentes usaram uma camisa personalizada com os dizeres \u201cFeliz Natal em fam\u00edlia. Gratid\u00e3o\u201d. Nos stories, eles ainda desejaram um Feliz Natal para seus seguidores. \u201cUma noite de alegria para todos voc\u00eas, de muito amor, de estar perto de quem voc\u00ea ama. Se n\u00e3o estiver com a fam\u00edlia, que voc\u00ea tenha conseguido estar com pessoas que te fazem bem e se voc\u00ea estiver sozinho, receba nosso abra\u00e7o, nosso beijo, desejamos tudo de melhor\u201d, disse L\u00e1zaro.<\/p>\n<p>Ivete Sangalo<\/p>\n<p data-component-name=\"paragraph\" class=\"styles__ParagraphStyled-sc-6adecn-0 gsLklW  \">A cantora compartilhou uma imagem de sua noite de Natal em fam\u00edlia, que contou com a presen\u00e7a do seu ex-marido Daniel Cady, pai de seus filhos. \u201cCelebramos o nascimento de Cristo compartilhando o amor. Um feliz Natal! Muito amor e paz pra todos n\u00f3s\u201d, desejou Ivete.<\/p>\n<p>Carol Peixinho e Thiaguinho<\/p>\n<p data-component-name=\"paragraph\" class=\"styles__ParagraphStyled-sc-6adecn-0 gsLklW  \">O casal compartilhou registros do primeiro Natal junto com o filho Bento, nascido em setembro. \u201cQue o amor que que nasceu aqui hoje seja sempre o nosso norte. Desejamos um Feliz Natal a todas as fam\u00edlias brasileiras, com sa\u00fade, uni\u00e3o, f\u00e9 e muito amor!\u201d, escreveu a influenciadora e publicit\u00e1ria.<\/p>\n","protected":false},"excerpt":{"rendered":"A noite de Natal foi marcada por encontros, celebra\u00e7\u00f5es e registros nas redes sociais entre os famosos. Celebridades&hellip;\n","protected":false},"author":2,"featured_media":202825,"comment_status":"","ping_status":"","sticky":false,"template":"","format":"standard","meta":{"footnotes":""},"categories":[145],"tags":[211,210,114,115,15361,2085,15362,32,33,15363],"class_list":{"0":"post-202824","1":"post","2":"type-post","3":"status-publish","4":"format-standard","5":"has-post-thumbnail","7":"category-celebridades","8":"tag-celebridades","9":"tag-celebrities","10":"tag-entertainment","11":"tag-entretenimento","12":"tag-estadao","13":"tag-fotografia","14":"tag-photojournalism","15":"tag-portugal","16":"tag-pt","17":"tag-taba-benedicto"},"share_on_mastodon":{"url":"https:\/\/pubeurope.com\/@pt\/115784173722265973","error":""},"_links":{"self":[{"href":"https:\/\/www.europesays.com\/pt\/wp-json\/wp\/v2\/posts\/202824","targetHints":{"allow":["GET"]}}],"collection":[{"href":"https:\/\/www.europesays.com\/pt\/wp-json\/wp\/v2\/posts"}],"about":[{"href":"https:\/\/www.europesays.com\/pt\/wp-json\/wp\/v2\/types\/post"}],"author":[{"embeddable":true,"href":"https:\/\/www.europesays.com\/pt\/wp-json\/wp\/v2\/users\/2"}],"replies":[{"embeddable":true,"href":"https:\/\/www.europesays.com\/pt\/wp-json\/wp\/v2\/comments?post=202824"}],"version-history":[{"count":0,"href":"https:\/\/www.europesays.com\/pt\/wp-json\/wp\/v2\/posts\/202824\/revisions"}],"wp:featuredmedia":[{"embeddable":true,"href":"https:\/\/www.europesays.com\/pt\/wp-json\/wp\/v2\/media\/202825"}],"wp:attachment":[{"href":"https:\/\/www.europesays.com\/pt\/wp-json\/wp\/v2\/media?parent=202824"}],"wp:term":[{"taxonomy":"category","embeddable":true,"href":"https:\/\/www.europesays.com\/pt\/wp-json\/wp\/v2\/categories?post=202824"},{"taxonomy":"post_tag","embeddable":true,"href":"https:\/\/www.europesays.com\/pt\/wp-json\/wp\/v2\/tags?post=202824"}],"curies":[{"name":"wp","href":"https:\/\/api.w.org\/{rel}","templated":true}]}}