{"id":202826,"date":"2025-12-26T05:19:09","date_gmt":"2025-12-26T05:19:09","guid":{"rendered":"https:\/\/www.europesays.com\/pt\/202826\/"},"modified":"2025-12-26T05:19:09","modified_gmt":"2025-12-26T05:19:09","slug":"assista-a-integra-do-jornal-da-record-3","status":"publish","type":"post","link":"https:\/\/www.europesays.com\/pt\/202826\/","title":{"rendered":"Assista \u00e0 \u00edntegra do Jornal da Record"},"content":{"rendered":"<p class=\"jarvics:base-text-neutral-high-400 base-text-[calc(theme(fontSize.xs)_*_var(--font-size,_1))] base-font-normal base-font-primary base-text-neutral-low-500 base-text-left\">Confira na edi\u00e7\u00e3o do Jornal da Record desta quinta (25): Isen\u00e7\u00e3o de IPVA em S\u00e3o Paulo vai gerar economia para 80% dos motociclistas. Ap\u00f3s cirurgia bem sucedida, Jair Bolsonaro se recupera em hospital ainda sem previs\u00e3o de alta. Temporal alaga ruas e causa destrui\u00e7\u00e3o em cidades no Sul do pa\u00eds. Rio de Janeiro tem alerta para forte calor, que ainda pode aumentar nos pr\u00f3ximos dias. Os cuidados para evitar problemas de sa\u00fade e acidentes com as crian\u00e7as nas f\u00e9rias de ver\u00e3o. E o JR mostra o que esperar dos clubes cariocas que v\u00e3o disputar a Copinha em janeiro.<\/p>\n","protected":false},"excerpt":{"rendered":"Confira na edi\u00e7\u00e3o do Jornal da Record desta quinta (25): Isen\u00e7\u00e3o de IPVA em S\u00e3o Paulo vai gerar&hellip;\n","protected":false},"author":2,"featured_media":202827,"comment_status":"","ping_status":"","sticky":false,"template":"","format":"standard","meta":{"footnotes":""},"categories":[142],"tags":[114,115,4286,32,33,151],"class_list":{"0":"post-202826","1":"post","2":"type-post","3":"status-publish","4":"format-standard","5":"has-post-thumbnail","7":"category-tv","8":"tag-entertainment","9":"tag-entretenimento","10":"tag-jornal-da-record","11":"tag-portugal","12":"tag-pt","13":"tag-tv"},"share_on_mastodon":{"url":"https:\/\/pubeurope.com\/@pt\/115784185456205639","error":""},"_links":{"self":[{"href":"https:\/\/www.europesays.com\/pt\/wp-json\/wp\/v2\/posts\/202826","targetHints":{"allow":["GET"]}}],"collection":[{"href":"https:\/\/www.europesays.com\/pt\/wp-json\/wp\/v2\/posts"}],"about":[{"href":"https:\/\/www.europesays.com\/pt\/wp-json\/wp\/v2\/types\/post"}],"author":[{"embeddable":true,"href":"https:\/\/www.europesays.com\/pt\/wp-json\/wp\/v2\/users\/2"}],"replies":[{"embeddable":true,"href":"https:\/\/www.europesays.com\/pt\/wp-json\/wp\/v2\/comments?post=202826"}],"version-history":[{"count":0,"href":"https:\/\/www.europesays.com\/pt\/wp-json\/wp\/v2\/posts\/202826\/revisions"}],"wp:featuredmedia":[{"embeddable":true,"href":"https:\/\/www.europesays.com\/pt\/wp-json\/wp\/v2\/media\/202827"}],"wp:attachment":[{"href":"https:\/\/www.europesays.com\/pt\/wp-json\/wp\/v2\/media?parent=202826"}],"wp:term":[{"taxonomy":"category","embeddable":true,"href":"https:\/\/www.europesays.com\/pt\/wp-json\/wp\/v2\/categories?post=202826"},{"taxonomy":"post_tag","embeddable":true,"href":"https:\/\/www.europesays.com\/pt\/wp-json\/wp\/v2\/tags?post=202826"}],"curies":[{"name":"wp","href":"https:\/\/api.w.org\/{rel}","templated":true}]}}