{"id":202852,"date":"2025-12-26T05:53:18","date_gmt":"2025-12-26T05:53:18","guid":{"rendered":"https:\/\/www.europesays.com\/pt\/202852\/"},"modified":"2025-12-26T05:53:18","modified_gmt":"2025-12-26T05:53:18","slug":"google-lanca-versao-mais-rapida-do-gemini-3-diario-economico","status":"publish","type":"post","link":"https:\/\/www.europesays.com\/pt\/202852\/","title":{"rendered":"Google Lan\u00e7a Vers\u00e3o Mais R\u00e1pida do Gemini 3 \u2022 Di\u00e1rio Econ\u00f3mico"},"content":{"rendered":"<p><strong>Menos de um m\u00eas ap\u00f3s o lan\u00e7amento do Gemini 3, a Google apresentou, recentemente, o Gemini 3 Flash, uma vers\u00e3o mais r\u00e1pida da sua Intelig\u00eancia Artificial (IA), que visa dar uma resposta estrat\u00e9gica \u00e0 OpenAI, ao tornar-se o modelo-padr\u00e3o no aplicativo Gemini e no Modo IA das buscas.\u00a0<\/strong><\/p>\n<p>O Gemini 3 Flash apresenta melhorias significativas. Nos testes de desempenho, a Intelig\u00eancia Artificial superou a sua antecessora de forma expressiva e igualou-se a outros modelos de ponta, como o Gemini 3 Pro e o GPT-5.2, em algumas medi\u00e7\u00f5es. Por exemplo, no benchmark Humanity\u2019s Last Exam, que testa a especializa\u00e7\u00e3o em v\u00e1rias \u00e1reas, o modelo obteve 33,7%, enquanto o Gemini 3 Pro marcou 37,5% e o GPT-5.2, 34,5%.\u00a0<\/p>\n<p>Na avalia\u00e7\u00e3o de multimodalidade e racioc\u00ednio MMMU-Pro, o Gemini 3 Flash obteve 81,2%, superando todos os concorrentes.<\/p>\n<p>O novo modelo ser\u00e1 disponibilizado globalmente no aplicativo Gemini, substituindo a vers\u00e3o 2.5 Flash. Os utilizadores ainda poder\u00e3o escolher o modelo Pro para quest\u00f5es relacionadas com a matem\u00e1tica e programa\u00e7\u00e3o.<\/p>\n<p>Segundo a empresa, o Gemini 3 Flash destaca-se pela capacidade de lidar com conte\u00fado multimodal, ao permitir que os utilizadores carreguem v\u00eddeos, esbo\u00e7os e \u00e1udios para gerar respostas visuais ou an\u00e1lises detalhadas. Destacou ainda que o modelo \u00e9 \u00fatil para a cria\u00e7\u00e3o de prot\u00f3tipos de aplicativos dentro do pr\u00f3prio aplicativo Gemini.<\/p>\n<p>Para clientes corporativos, o modelo j\u00e1 est\u00e1 dispon\u00edvel atrav\u00e9s do Vertex AI e do Gemini Enterprise. Empresas como Figma, Cursor e Harvey j\u00e1 utilizam o novo modelo, segundo avan\u00e7ou a Google.<\/p>\n<p>O pre\u00e7o da IA \u00e9 de 0,50 d\u00f3lares por milh\u00e3o de tokens de entrada e tr\u00eas d\u00f3lares por milh\u00e3o de tokens de sa\u00edda, ligeiramente mais caro que o Gemini 2.5, mas com a promessa de maior desempenho e velocidade. A empresa afirma que o Gemini 3 Flash \u00e9 tr\u00eas vezes mais r\u00e1pido e utiliza 30% menos tokens em tarefas de racioc\u00ednio em compara\u00e7\u00e3o com o modelo 2.5 Pro.<\/p>\n<p>Fonte: Revista Exame<\/p>\n","protected":false},"excerpt":{"rendered":"Menos de um m\u00eas ap\u00f3s o lan\u00e7amento do Gemini 3, a Google apresentou, recentemente, o Gemini 3 Flash,&hellip;\n","protected":false},"author":2,"featured_media":202853,"comment_status":"","ping_status":"","sticky":false,"template":"","format":"standard","meta":{"footnotes":""},"categories":[84],"tags":[40276,109,107,108,40277,643,37718,3942,40278,32,33,105,103,104,106,110],"class_list":{"0":"post-202852","1":"post","2":"type-post","3":"status-publish","4":"format-standard","5":"has-post-thumbnail","7":"category-ciencia-e-tecnologia","8":"tag-actualizacoes","9":"tag-ciencia","10":"tag-ciencia-e-tecnologia","11":"tag-cienciaetecnologia","12":"tag-gemini-3-flash","13":"tag-google","14":"tag-gpt-5-2","15":"tag-headline","16":"tag-inteligencia-artficial","17":"tag-portugal","18":"tag-pt","19":"tag-science","20":"tag-science-and-technology","21":"tag-scienceandtechnology","22":"tag-technology","23":"tag-tecnologia"},"share_on_mastodon":{"url":"https:\/\/pubeurope.com\/@pt\/115784319099242431","error":""},"_links":{"self":[{"href":"https:\/\/www.europesays.com\/pt\/wp-json\/wp\/v2\/posts\/202852","targetHints":{"allow":["GET"]}}],"collection":[{"href":"https:\/\/www.europesays.com\/pt\/wp-json\/wp\/v2\/posts"}],"about":[{"href":"https:\/\/www.europesays.com\/pt\/wp-json\/wp\/v2\/types\/post"}],"author":[{"embeddable":true,"href":"https:\/\/www.europesays.com\/pt\/wp-json\/wp\/v2\/users\/2"}],"replies":[{"embeddable":true,"href":"https:\/\/www.europesays.com\/pt\/wp-json\/wp\/v2\/comments?post=202852"}],"version-history":[{"count":0,"href":"https:\/\/www.europesays.com\/pt\/wp-json\/wp\/v2\/posts\/202852\/revisions"}],"wp:featuredmedia":[{"embeddable":true,"href":"https:\/\/www.europesays.com\/pt\/wp-json\/wp\/v2\/media\/202853"}],"wp:attachment":[{"href":"https:\/\/www.europesays.com\/pt\/wp-json\/wp\/v2\/media?parent=202852"}],"wp:term":[{"taxonomy":"category","embeddable":true,"href":"https:\/\/www.europesays.com\/pt\/wp-json\/wp\/v2\/categories?post=202852"},{"taxonomy":"post_tag","embeddable":true,"href":"https:\/\/www.europesays.com\/pt\/wp-json\/wp\/v2\/tags?post=202852"}],"curies":[{"name":"wp","href":"https:\/\/api.w.org\/{rel}","templated":true}]}}