{"id":202854,"date":"2025-12-26T05:57:12","date_gmt":"2025-12-26T05:57:12","guid":{"rendered":"https:\/\/www.europesays.com\/pt\/202854\/"},"modified":"2025-12-26T05:57:12","modified_gmt":"2025-12-26T05:57:12","slug":"pj-detem-em-lisboa-suspeito-de-triplo-homicidio-de-familia-em-cabo-verde-crime","status":"publish","type":"post","link":"https:\/\/www.europesays.com\/pt\/202854\/","title":{"rendered":"PJ det\u00e9m em Lisboa suspeito de triplo homic\u00eddio de fam\u00edlia em Cabo Verde | Crime"},"content":{"rendered":"<p>A Pol\u00edcia Judici\u00e1ria (PJ) deteve esta quinta-feira, 25 de Dezembro, em Lisboa um jovem alem\u00e3o de 19 anos suspeito do triplo homic\u00eddio ocorrido na ter\u00e7a-feira em S\u00e3o Vicente, Cabo Verde, que vitimou o seu pai e a mulher e enteada deste.<\/p>\n<p>Em comunicado, a PJ referiu que a deten\u00e7\u00e3o ocorreu no contexto de um mandado de deten\u00e7\u00e3o europeu emitido pelas autoridades alem\u00e3s e que o suspeito foi localizado no distrito de Lisboa &#8220;ap\u00f3s um intenso e aturado trabalho de coopera\u00e7\u00e3o internacional e an\u00e1lise de informa\u00e7\u00e3o&#8221;.<\/p>\n<p>O jovem de 19 anos ter\u00e1 viajado para a capital portuguesa ap\u00f3s cometer o crime e a <a href=\"https:\/\/www.publico.pt\/policia-judiciaria\" target=\"_blank\" rel=\"nofollow noopener\">Pol\u00edcia Judici\u00e1ria<\/a> iniciou dilig\u00eancias depois da emiss\u00e3o do mandado de deten\u00e7\u00e3o europeu, &#8220;tendo detectado hoje, 25 de Dezembro, a sua presen\u00e7a numa unidade hoteleira de Lisboa e procedido \u00e0 sua deten\u00e7\u00e3o&#8221;.<\/p>\n<p>Segundo a pol\u00edcia de investiga\u00e7\u00e3o criminal, as circunst\u00e2ncias do triplo homic\u00eddio est\u00e3o ainda por apurar.<\/p>\n<p>&#8220;A Pol\u00edcia Judici\u00e1ria encontra-se a agir em estreita articula\u00e7\u00e3o com as autoridades alem\u00e3s e com a sua cong\u00e9nere de Cabo Verde. O detido ir\u00e1 ser presente ao tribunal de turno no prazo legal, para decis\u00e3o e aplica\u00e7\u00e3o de medida de coac\u00e7\u00e3o&#8221;, referiu.<\/p>\n<p>Tr\u00eas cidad\u00e3os de nacionalidade alem\u00e3 foram encontrados mortos, na ter\u00e7a-feira, no interior de uma resid\u00eancia na ilha de S\u00e3o Vicente, com ind\u00edcios de homic\u00eddio com recurso a arma branca, conforme apurou a PJ de Cabo Verde.<\/p>\n<p>As v\u00edtimas s\u00e3o um homem de 60 anos e duas mulheres, de 45 e 20 anos, identificadas como a sua esposa e enteada.<\/p>\n<p>A PJ cabo-verdiana identificou como principal suspeito o filho de 19 anos do homem assassinado, que se encontrava tamb\u00e9m em <a href=\"https:\/\/www.publico.pt\/2025\/11\/20\/fugas\/noticia\/easyjet-duas-rotas-britanicas-lisboa-cabo-verde-verao-2155346\" rel=\"nofollow noopener\" target=\"_blank\">Cabo Verde<\/a> de f\u00e9rias com a fam\u00edlia.<\/p>\n<p>De acordo com as autoridades de Cabo Verde, o suspeito tem hist\u00f3rico de perturba\u00e7\u00f5es psicol\u00f3gicas e ter\u00e1 sa\u00eddo do pa\u00eds ainda na ter\u00e7a-feira, antes da descoberta dos corpos e da comunica\u00e7\u00e3o do caso \u00e0s autoridades.<\/p>\n","protected":false},"excerpt":{"rendered":"A Pol\u00edcia Judici\u00e1ria (PJ) deteve esta quinta-feira, 25 de Dezembro, em Lisboa um jovem alem\u00e3o de 19 anos&hellip;\n","protected":false},"author":2,"featured_media":202855,"comment_status":"","ping_status":"","sticky":false,"template":"","format":"standard","meta":{"footnotes":""},"categories":[8],"tags":[27,28,2714,604,15,16,14,603,25,26,797,21,22,12,13,19,20,2445,32,23,24,33,58,17,18,29,30,31],"class_list":{"0":"post-202854","1":"post","2":"type-post","3":"status-publish","4":"format-standard","5":"has-post-thumbnail","7":"category-principais-noticias","8":"tag-breaking-news","9":"tag-breakingnews","10":"tag-cabo-verde","11":"tag-crime","12":"tag-featured-news","13":"tag-featurednews","14":"tag-headlines","15":"tag-justica","16":"tag-latest-news","17":"tag-latestnews","18":"tag-lisboa","19":"tag-main-news","20":"tag-mainnews","21":"tag-news","22":"tag-noticias","23":"tag-noticias-principais","24":"tag-noticiasprincipais","25":"tag-policia-judiciaria","26":"tag-portugal","27":"tag-principais-noticias","28":"tag-principaisnoticias","29":"tag-pt","30":"tag-sociedade","31":"tag-top-stories","32":"tag-topstories","33":"tag-ultimas","34":"tag-ultimas-noticias","35":"tag-ultimasnoticias"},"share_on_mastodon":{"url":"https:\/\/pubeurope.com\/@pt\/115784335071232095","error":""},"_links":{"self":[{"href":"https:\/\/www.europesays.com\/pt\/wp-json\/wp\/v2\/posts\/202854","targetHints":{"allow":["GET"]}}],"collection":[{"href":"https:\/\/www.europesays.com\/pt\/wp-json\/wp\/v2\/posts"}],"about":[{"href":"https:\/\/www.europesays.com\/pt\/wp-json\/wp\/v2\/types\/post"}],"author":[{"embeddable":true,"href":"https:\/\/www.europesays.com\/pt\/wp-json\/wp\/v2\/users\/2"}],"replies":[{"embeddable":true,"href":"https:\/\/www.europesays.com\/pt\/wp-json\/wp\/v2\/comments?post=202854"}],"version-history":[{"count":0,"href":"https:\/\/www.europesays.com\/pt\/wp-json\/wp\/v2\/posts\/202854\/revisions"}],"wp:featuredmedia":[{"embeddable":true,"href":"https:\/\/www.europesays.com\/pt\/wp-json\/wp\/v2\/media\/202855"}],"wp:attachment":[{"href":"https:\/\/www.europesays.com\/pt\/wp-json\/wp\/v2\/media?parent=202854"}],"wp:term":[{"taxonomy":"category","embeddable":true,"href":"https:\/\/www.europesays.com\/pt\/wp-json\/wp\/v2\/categories?post=202854"},{"taxonomy":"post_tag","embeddable":true,"href":"https:\/\/www.europesays.com\/pt\/wp-json\/wp\/v2\/tags?post=202854"}],"curies":[{"name":"wp","href":"https:\/\/api.w.org\/{rel}","templated":true}]}}