{"id":202871,"date":"2025-12-26T06:38:39","date_gmt":"2025-12-26T06:38:39","guid":{"rendered":"https:\/\/www.europesays.com\/pt\/202871\/"},"modified":"2025-12-26T06:38:39","modified_gmt":"2025-12-26T06:38:39","slug":"imprensa-espanhola-coloca-nicolas-otamendi-como-potencial-reforco-do-barcelona","status":"publish","type":"post","link":"https:\/\/www.europesays.com\/pt\/202871\/","title":{"rendered":"Imprensa espanhola coloca Nicol\u00e1s Otamendi como potencial refor\u00e7o do Barcelona"},"content":{"rendered":"<p>&#8211; Advertisement &#8211;<\/p>\n<p><strong>Nicol\u00e1s Otamendi foi colocado numa lista de potenciais refor\u00e7os do Barcelona. Os catal\u00e3es pretendem um central experiente para o seu plantel.<\/strong><\/p>\n<p>Nicol\u00e1s Otamendi foi associado ao Barcelona. Inclu\u00eddo numa lista de tr\u00eas jogadores realizada pelo di\u00e1rio espanhol Mundo Deportivo, o <a href=\"https:\/\/bolanarede.pt\/etiqueta\/nicolas-otamendi\/\" target=\"_blank\" rel=\"noreferrer noopener nofollow\">defesa-central do Benfica<\/a> surge como hipot\u00e9tica op\u00e7\u00e3o para refor\u00e7ar o clube catal\u00e3o no mercado de janeiro.<\/p>\n<p>A mesma fonte criou um perfil de jogador que falta ao Barcelona nesta altura, depois da les\u00e3o de Andreas Christensen e da aus\u00eancia prolongada de Ronald Ara\u00fajo. Os catal\u00e3es podem ter de contratar um defesa-central j\u00e1 na janela de janeiro e foram apresentadas tr\u00eas op\u00f5es: al\u00e9m de Nicol\u00e1s Otamendi, tamb\u00e9m Stefan de Vrij (Inter Mil\u00e3o) e Marcos Senesi (Bournemouth) s\u00e3o apresentados como solu\u00e7\u00f5es.<\/p>\n<p>O Barcelona est\u00e1 \u00e0 procura de um defesa experiente, que jogue como central pela esquerda, e que represente uma op\u00e7\u00e3o de baixo custo, mas com impacto imediato para se assumir na equipa.<\/p>\n<p>Nicol\u00e1s Otamendi est\u00e1 a cumprir a sexta temporada ao servi\u00e7o do Benfica e soma dois golos em 28 jogos nesta \u00e9poca. O internacional argentino de 37 anos j\u00e1 jogou em Espanha, ao servi\u00e7o do Valencia, em 2014\/15.<\/p>\n<p><img fetchpriority=\"high\" decoding=\"async\" width=\"836\" height=\"1024\" src=\"data:image\/svg+xml,%3Csvg%20xmlns=\" http:=\"\" alt=\"Mundo Deportivo Otamendi\" class=\"wp-image-469932 ewww_webp_lazy_load\" data-lazy- data-lazy- data-lazy-src=\"https:\/\/www.europesays.com\/pt\/wp-content\/uploads\/2025\/12\/Mundo-Deportivo-Otamendi-836x1024.jpeg\" data-lazy-src-webp=\"https:\/\/www.europesays.com\/pt\/wp-content\/uploads\/2025\/12\/Mundo-Deportivo-Otamendi-836x1024.jpeg.webp\" data-lazy-srcset-webp=\"https:\/\/www.europesays.com\/pt\/wp-content\/uploads\/2025\/12\/Mundo-Deportivo-Otamendi-836x1024.jpeg.webp 836w, https:\/\/binny-bolanarede.b-cdn.net\/wp-content\/uploads\/2025\/12\/Mundo-Deportivo-Otamendi-245x300.jpeg.webp 245w, https:\/\/binny-bolanarede.b-cdn.net\/wp-content\/uploads\/2025\/12\/Mundo-Deportivo-Otamendi-768x941.jpeg.webp 768w, https:\/\/binny-bolanarede.b-cdn.net\/wp-content\/uploads\/2025\/12\/Mundo-Deportivo-Otamendi-1254x1536.jpeg.webp 1254w, https:\/\/binny-bolanarede.b-cdn.net\/wp-content\/uploads\/2025\/12\/Mundo-Deportivo-Otamendi-150x184.jpeg.webp 150w, https:\/\/binny-bolanarede.b-cdn.net\/wp-content\/uploads\/2025\/12\/Mundo-Deportivo-Otamendi-300x368.jpeg.webp 300w, https:\/\/binny-bolanarede.b-cdn.net\/wp-content\/uploads\/2025\/12\/Mundo-Deportivo-Otamendi-696x853.jpeg.webp 696w, https:\/\/binny-bolanarede.b-cdn.net\/wp-content\/uploads\/2025\/12\/Mundo-Deportivo-Otamendi-1068x1309.jpeg.webp 1068w, https:\/\/binny-bolanarede.b-cdn.net\/wp-content\/uploads\/2025\/12\/Mundo-Deportivo-Otamendi.jpeg.webp 1567w\"\/>Fonte: Mundo Deportivo<\/p>\n","protected":false},"excerpt":{"rendered":"&#8211; Advertisement &#8211; Nicol\u00e1s Otamendi foi colocado numa lista de potenciais refor\u00e7os do Barcelona. Os catal\u00e3es pretendem um&hellip;\n","protected":false},"author":2,"featured_media":202872,"comment_status":"","ping_status":"","sticky":false,"template":"","format":"standard","meta":{"footnotes":""},"categories":[87],"tags":[260,1235,51,135,478,5705,32,479,33,134],"class_list":{"0":"post-202871","1":"post","2":"type-post","3":"status-publish","4":"format-standard","5":"has-post-thumbnail","7":"category-desporto","8":"tag-atualidade","9":"tag-barcelona","10":"tag-benfica","11":"tag-desporto","12":"tag-destaques-bnr","13":"tag-la-liga","14":"tag-portugal","15":"tag-primeira-liga","16":"tag-pt","17":"tag-sports"},"share_on_mastodon":{"url":"https:\/\/pubeurope.com\/@pt\/115784496277577031","error":""},"_links":{"self":[{"href":"https:\/\/www.europesays.com\/pt\/wp-json\/wp\/v2\/posts\/202871","targetHints":{"allow":["GET"]}}],"collection":[{"href":"https:\/\/www.europesays.com\/pt\/wp-json\/wp\/v2\/posts"}],"about":[{"href":"https:\/\/www.europesays.com\/pt\/wp-json\/wp\/v2\/types\/post"}],"author":[{"embeddable":true,"href":"https:\/\/www.europesays.com\/pt\/wp-json\/wp\/v2\/users\/2"}],"replies":[{"embeddable":true,"href":"https:\/\/www.europesays.com\/pt\/wp-json\/wp\/v2\/comments?post=202871"}],"version-history":[{"count":0,"href":"https:\/\/www.europesays.com\/pt\/wp-json\/wp\/v2\/posts\/202871\/revisions"}],"wp:featuredmedia":[{"embeddable":true,"href":"https:\/\/www.europesays.com\/pt\/wp-json\/wp\/v2\/media\/202872"}],"wp:attachment":[{"href":"https:\/\/www.europesays.com\/pt\/wp-json\/wp\/v2\/media?parent=202871"}],"wp:term":[{"taxonomy":"category","embeddable":true,"href":"https:\/\/www.europesays.com\/pt\/wp-json\/wp\/v2\/categories?post=202871"},{"taxonomy":"post_tag","embeddable":true,"href":"https:\/\/www.europesays.com\/pt\/wp-json\/wp\/v2\/tags?post=202871"}],"curies":[{"name":"wp","href":"https:\/\/api.w.org\/{rel}","templated":true}]}}