{"id":202901,"date":"2025-12-26T07:34:21","date_gmt":"2025-12-26T07:34:21","guid":{"rendered":"https:\/\/www.europesays.com\/pt\/202901\/"},"modified":"2025-12-26T07:34:21","modified_gmt":"2025-12-26T07:34:21","slug":"tera-liliana-problemas-de-confianca-ines-nao-tem-duvidas-secret-story","status":"publish","type":"post","link":"https:\/\/www.europesays.com\/pt\/202901\/","title":{"rendered":"Ter\u00e1 Liliana problemas de confian\u00e7a? In\u00eas n\u00e3o tem d\u00favidas &#8211; Secret Story"},"content":{"rendered":"<p>No Secret Story 9, Liliana e In\u00eas desabafam no alpendre sobre a rela\u00e7\u00e3o da concorrente com F\u00e1bio dentro da casa. In\u00eas n\u00e3o tem d\u00favidas, Liliana tem problemas de confian\u00e7a.<\/p>\n<p> Vote para salvar o seu concorrente preferido. E pode faz\u00ea-lo quer atrav\u00e9s das linhas telef\u00f3nicas, quer atrav\u00e9s da APP do TVI reality:\u00a0 <\/p>\n<p><strong>Pedro: 761 20 20 18<br \/>Leandro: 761 20 20 12<br \/>In\u00eas: 761 20 20 10<\/strong><\/p>\n","protected":false},"excerpt":{"rendered":"No Secret Story 9, Liliana e In\u00eas desabafam no alpendre sobre a rela\u00e7\u00e3o da concorrente com F\u00e1bio dentro&hellip;\n","protected":false},"author":2,"featured_media":202902,"comment_status":"","ping_status":"","sticky":false,"template":"","format":"standard","meta":{"footnotes":""},"categories":[142],"tags":[114,115,19033,15353,40283,19034,32,33,151,19032],"class_list":{"0":"post-202901","1":"post","2":"type-post","3":"status-publish","4":"format-standard","5":"has-post-thumbnail","7":"category-tv","8":"tag-entertainment","9":"tag-entretenimento","10":"tag-galas-em-video","11":"tag-ines","12":"tag-liliana-a","13":"tag-melhores-momentos-casa-dos-segredos","14":"tag-portugal","15":"tag-pt","16":"tag-tv","17":"tag-videos-secret-story-tvi"},"share_on_mastodon":{"url":"https:\/\/pubeurope.com\/@pt\/115784716352146387","error":""},"_links":{"self":[{"href":"https:\/\/www.europesays.com\/pt\/wp-json\/wp\/v2\/posts\/202901","targetHints":{"allow":["GET"]}}],"collection":[{"href":"https:\/\/www.europesays.com\/pt\/wp-json\/wp\/v2\/posts"}],"about":[{"href":"https:\/\/www.europesays.com\/pt\/wp-json\/wp\/v2\/types\/post"}],"author":[{"embeddable":true,"href":"https:\/\/www.europesays.com\/pt\/wp-json\/wp\/v2\/users\/2"}],"replies":[{"embeddable":true,"href":"https:\/\/www.europesays.com\/pt\/wp-json\/wp\/v2\/comments?post=202901"}],"version-history":[{"count":0,"href":"https:\/\/www.europesays.com\/pt\/wp-json\/wp\/v2\/posts\/202901\/revisions"}],"wp:featuredmedia":[{"embeddable":true,"href":"https:\/\/www.europesays.com\/pt\/wp-json\/wp\/v2\/media\/202902"}],"wp:attachment":[{"href":"https:\/\/www.europesays.com\/pt\/wp-json\/wp\/v2\/media?parent=202901"}],"wp:term":[{"taxonomy":"category","embeddable":true,"href":"https:\/\/www.europesays.com\/pt\/wp-json\/wp\/v2\/categories?post=202901"},{"taxonomy":"post_tag","embeddable":true,"href":"https:\/\/www.europesays.com\/pt\/wp-json\/wp\/v2\/tags?post=202901"}],"curies":[{"name":"wp","href":"https:\/\/api.w.org\/{rel}","templated":true}]}}