{"id":202931,"date":"2025-12-26T08:15:18","date_gmt":"2025-12-26T08:15:18","guid":{"rendered":"https:\/\/www.europesays.com\/pt\/202931\/"},"modified":"2025-12-26T08:15:18","modified_gmt":"2025-12-26T08:15:18","slug":"morre-aos-84-anos-a-atriz-teuda-bara-fundadora-do-grupo-galpao-verso","status":"publish","type":"post","link":"https:\/\/www.europesays.com\/pt\/202931\/","title":{"rendered":"Morre aos 84 anos a atriz Teuda Bara, fundadora do Grupo Galp\u00e3o &#8211; Verso"},"content":{"rendered":"<p>Morreu, em Belo Horizonte, aos 84 anos, <strong>a atriz Teuda Bara, uma das fundadoras do Grupo Galp\u00e3o<\/strong>. A informa\u00e7\u00e3o foi confirmada pela assessoria da companhia em publica\u00e7\u00e3o no Instagram,\u00a0nesta quinta-feira (25).<\/p>\n<p>Segundo o G1, a atriz estava internada desde o dia 14 de dezembro no Hospital Madre Teresa. <strong>A causa da morte foi septicemia com fal\u00eancia m\u00faltipla de \u00f3rg\u00e3os<\/strong>, quadro caracterizado por infec\u00e7\u00e3o generalizada que se espalha pela corrente sangu\u00ednea.<\/p>\n<p>\t\t\t\tVeja tamb\u00e9m<\/p>\n<p>Teuda Bara integrou a maioria dos espet\u00e1culos do Grupo Galp\u00e3o, companhia criada em 1982 e reconhecida nacionalmente pelo trabalho continuado no teatro de grupo.<\/p>\n<blockquote class=\"blockquote border-accent not-italic\">\n<p>\n\t\t\tAo longo da carreira, tamb\u00e9m atuou no cinema, com participa\u00e7\u00f5es em produ\u00e7\u00f5es como &#8220;O Menino Maluquinho&#8221;, &#8220;Vinho de Rosas&#8221;, &#8220;O Contador de Hist\u00f3rias&#8221; e &#8220;O Palha\u00e7o&#8221;.\n\t\t<\/p>\n<\/blockquote>\n<p>Na televis\u00e3o, esteve em s\u00e9ries e novelas, entre elas &#8220;Filhos da P\u00e1tria&#8221; (2017), &#8220;A Vila&#8221;, &#8220;Meu Pedacinho de Ch\u00e3o&#8221; (2014) e &#8220;Toma L\u00e1, D\u00e1 C\u00e1&#8221; (2008).<\/p>\n<p>\n\t\t<img decoding=\"async\" alt=\"Teuda Bara como Dona Fausta em 'A Vila'. Ao lado do ator Ata\u00edde Arcoverde.\" src=\"https:\/\/www.europesays.com\/pt\/wp-content\/uploads\/2025\/12\/Teuda-Bara-como-Dona-Fausta-em-A-Vila-Ao-lado-do-ator-Ataide-Arcoverde.jpg\" loading=\"lazy\" width=\"960\" height=\"1280\"\/><\/p>\n<p>\n\t\t\t\tLegenda:<br \/>\n\t\t\t\t Teuda Bara viveu Dona Fausta em &#8216;A Vila&#8217;. Na produ\u00e7\u00e3o, ela \u00e9 uma mulher que vive a atormentar a vida do filho, interpretado por Lucas Salles, e do ex-marido, vivido pelo ator Ata\u00edde Arcoverde.\n\t\t\t<\/p>\n<p>\n\t\t\t\tFoto:<br \/>\n\t\t\t\t Divulga\u00e7\u00e3o\/Grupo Galp\u00e3o\/Facebook.\n\t\t\t<\/p>\n<\/p>\n<p>Em nota, o Grupo Galp\u00e3o informou que Teuda completaria 85 anos no pr\u00f3ximo dia 1\u00ba de janeiro. O vel\u00f3rio ser\u00e1 realizado no foyer do Pal\u00e1cio das Artes, a partir das 10h desta sexta-feira (26). A atriz deixa dois filhos, Andr\u00e9 e Admar.<\/p>\n<p>\u201cA partida de Teuda representa uma perda imensur\u00e1vel para o Grupo Galp\u00e3o, o teatro brasileiro e todos que tiveram o privil\u00e9gio de conviver com ela\u201d, diz o comunicado, que tamb\u00e9m destaca a contribui\u00e7\u00e3o art\u00edstica e humana da atriz ao longo de d\u00e9cadas de atua\u00e7\u00e3o.<\/p>\n<p><strong>Veja nota completa:<\/strong><\/p>\n<p>&#8220;\u00c9 com imenso pesar que o Grupo Galp\u00e3o comunica o falecimento de nossa querida Teuda Bara, atriz e fundadora do grupo, aos 84 anos. Teuda faria 85 anos no pr\u00f3ximo dia 1\u00ba de janeiro.<\/p>\n<p>O vel\u00f3rio de Teuda Bara ser\u00e1 realizado no foyer do Pal\u00e1cio das Artes, em Belo Horizonte, a partir das 10h do dia 26 de dezembro. Teuda deixa os filhos Andr\u00e9 e Admar.<\/p>\n<p>A partida de Teuda representa uma perda imensur\u00e1vel para o Grupo Galp\u00e3o, o teatro brasileiro e todos que tiveram o privil\u00e9gio de conviver com ela.<\/p>\n<p>Ao mesmo tempo, fica a profunda gratid\u00e3o pela alegria, pela for\u00e7a e pela luz rar\u00edssima que Teuda espalhou ao longo de tantos anos de vida e cria\u00e7\u00e3o. Dividir o caminho com ela foi um presente \u2014 um exerc\u00edcio di\u00e1rio de amor, generosidade e coragem art\u00edstica&#8221;.<\/p>\n","protected":false},"excerpt":{"rendered":"Morreu, em Belo Horizonte, aos 84 anos, a atriz Teuda Bara, uma das fundadoras do Grupo Galp\u00e3o. A&hellip;\n","protected":false},"author":2,"featured_media":202932,"comment_status":"","ping_status":"","sticky":false,"template":"","format":"standard","meta":{"footnotes":""},"categories":[145],"tags":[2397,211,210,114,115,32,33],"class_list":{"0":"post-202931","1":"post","2":"type-post","3":"status-publish","4":"format-standard","5":"has-post-thumbnail","7":"category-celebridades","8":"tag-artes-cultura-e-entretenimento","9":"tag-celebridades","10":"tag-celebrities","11":"tag-entertainment","12":"tag-entretenimento","13":"tag-portugal","14":"tag-pt"},"share_on_mastodon":{"url":"https:\/\/pubeurope.com\/@pt\/115784877855055806","error":""},"_links":{"self":[{"href":"https:\/\/www.europesays.com\/pt\/wp-json\/wp\/v2\/posts\/202931","targetHints":{"allow":["GET"]}}],"collection":[{"href":"https:\/\/www.europesays.com\/pt\/wp-json\/wp\/v2\/posts"}],"about":[{"href":"https:\/\/www.europesays.com\/pt\/wp-json\/wp\/v2\/types\/post"}],"author":[{"embeddable":true,"href":"https:\/\/www.europesays.com\/pt\/wp-json\/wp\/v2\/users\/2"}],"replies":[{"embeddable":true,"href":"https:\/\/www.europesays.com\/pt\/wp-json\/wp\/v2\/comments?post=202931"}],"version-history":[{"count":0,"href":"https:\/\/www.europesays.com\/pt\/wp-json\/wp\/v2\/posts\/202931\/revisions"}],"wp:featuredmedia":[{"embeddable":true,"href":"https:\/\/www.europesays.com\/pt\/wp-json\/wp\/v2\/media\/202932"}],"wp:attachment":[{"href":"https:\/\/www.europesays.com\/pt\/wp-json\/wp\/v2\/media?parent=202931"}],"wp:term":[{"taxonomy":"category","embeddable":true,"href":"https:\/\/www.europesays.com\/pt\/wp-json\/wp\/v2\/categories?post=202931"},{"taxonomy":"post_tag","embeddable":true,"href":"https:\/\/www.europesays.com\/pt\/wp-json\/wp\/v2\/tags?post=202931"}],"curies":[{"name":"wp","href":"https:\/\/api.w.org\/{rel}","templated":true}]}}