{"id":202935,"date":"2025-12-26T08:22:11","date_gmt":"2025-12-26T08:22:11","guid":{"rendered":"https:\/\/www.europesays.com\/pt\/202935\/"},"modified":"2025-12-26T08:22:11","modified_gmt":"2025-12-26T08:22:11","slug":"insonia-ameaca-a-saude-do-cerebro-aponta-estudo-com-idosos","status":"publish","type":"post","link":"https:\/\/www.europesays.com\/pt\/202935\/","title":{"rendered":"Ins\u00f4nia amea\u00e7a a sa\u00fade do c\u00e9rebro, aponta estudo com idosos"},"content":{"rendered":"<p class=\"texto\">A ci\u00eancia refor\u00e7a que dormir bem \u00e9 um dos pilares mais importantes para a sa\u00fade cerebral, da inf\u00e2ncia \u00e0 velhice. Pesquisas recentes revelam que tanto a ins\u00f4nia cr\u00f4nica quanto padr\u00f5es di\u00e1rios de sono excessivamente irregulares \u2014 ou r\u00edgidos demais \u2014 podem acelerar o decl\u00ednio cognitivo e favorecer mudan\u00e7as associadas \u00e0 dem\u00eancia e \u00e0 doen\u00e7a de Alzheimer.<\/p>\n<p class=\"texto\">Um estudo publicado recentemente na revista Neurology, da Academia Americana de Neurologia, e liderado pelo neurologista Diego Carvalho, pesquisador da Mayo Clinic, nos Estados Unidos, acompanhou 2.750 idosos cognitivamente saud\u00e1veis, com idade m\u00e9dia de 70 anos, durante quase seis anos. Conforme a equipe, entre os volunt\u00e1rios, 16% tinham ins\u00f4nia cr\u00f4nica \u2014 definida como dificuldade para dormir, ao menos, tr\u00eas vezes por semana, por tr\u00eas meses ou mais.<\/p>\n<p class=\"texto\">Os resultados revelaram que os participantes com ins\u00f4nia apresentaram 40% mais chance de desenvolver comprometimento cognitivo leve ou dem\u00eancia do que aqueles sem o dist\u00farbio, um impacto equivalente a 3,5 anos extras de envelhecimento cerebral. Exames de imagem revelaram ainda que esses indiv\u00edduos tinham mais les\u00f5es na subst\u00e2ncia branca \u2014 indicativos de doen\u00e7a de pequenos vasos, que pode levar a derrames ou dem\u00eancia \u2014 e maior ocorr\u00eancia de placas amiloides, prote\u00edna relacionada ao Alzheimer.<\/p>\n<p class=\"texto\">Um dos dados mais marcantes surgiu entre os participantes que relataram, no in\u00edcio do estudo, estar dormindo menos do que o habitual nas duas semanas anteriores. Eles exibiam desempenho cognitivo mais baixo \u2014 semelhante ao de pessoas quatro anos mais velhas \u2014 e maior ac\u00famulo de amiloide, efeito compar\u00e1vel ao observado em portadores do gene APOE 4, fator de risco gen\u00e9tico para Alzheimer. Em contraste, aqueles que haviam dormido mais do que o normal tiveram menos altera\u00e7\u00f5es na subst\u00e2ncia branca.<\/p>\n<p class=\"texto\">Para Carvalho, um descanso ruim pode ser um sinal de alerta precoce para futuros problemas cognitivos. &#8220;Isso refor\u00e7a a import\u00e2ncia do tratamento da ins\u00f4nia cr\u00f4nica \u2014 n\u00e3o somente para melhorar a qualidade do sono, mas tamb\u00e9m para proteger a sa\u00fade cerebral \u00e0 medida que envelhecemos. Nossos resultados tamb\u00e9m contribuem para um crescente conjunto de evid\u00eancias de que dormir n\u00e3o se trata apenas de descanso, trata-se tamb\u00e9m de resili\u00eancia cerebral.&#8221;<\/p>\n<p class=\"texto\"><strong>Excesso tamb\u00e9m \u00e9 ruim<\/strong><\/p>\n<p class=\"texto\">Conforme Mar\u00edlia Terra Fasciani, geriatra da cl\u00ednica Fasciani Cuidado Integrado, em Bras\u00edlia, quem dorme menos \u2014 pacientes que passam horas rolando na cama, que acordam v\u00e1rias vezes \u2014 apresentam ac\u00famulo maior de toxinas, pois a ins\u00f4nia prejudica a limpeza do c\u00e9rebro. &#8220;Todavia o excesso tamb\u00e9m \u00e9 um sinal de alerta. Quando o paciente dorme demais, geralmente investigo outras causas. Pode ser o in\u00edcio de neurodegenera\u00e7\u00e3o, dem\u00eancia, pode ser depress\u00e3o, apneia do sono n\u00e3o tratada ou at\u00e9 efeito de algumas medica\u00e7\u00f5es.&#8221;<\/p>\n<p class=\"texto\">Faciani detalhou, ainda, que o sono excessivo frequente n\u00e3o \u00e9 reparador, a pessoa dorme muito, mas acorda cansada. &#8220;Isso pode indicar que o c\u00e9rebro est\u00e1 em processo de decl\u00ednio ou que h\u00e1 uma fragmenta\u00e7\u00e3o importante do sono, mesmo com muitas horas de cama. S\u00e3o duas estradas diferentes, mas que ambas representam um destino ruim.&#8221;<\/p>\n<p class=\"texto\">Outra pesquisa, tamb\u00e9m realizada por cientistas dos Estados Unidos e voltada a adultos de 45 a 89 anos com queixas de mem\u00f3ria e sono, analisou um aspecto complementar, a regularidade dos hor\u00e1rios de dormir e acordar. Nesse estudo, 458 participantes usaram aceler\u00f4metros durante sete dias para monitorar padr\u00f5es de atividade e sono. Todos passaram por testes cognitivos e exames sangu\u00edneos para medir os n\u00edveis de BDNF \u2014 uma prote\u00edna essencial para a plasticidade sin\u00e1ptica.<\/p>\n<p class=\"texto\">Ao analisar os dados, os pesquisadores descobriram uma rela\u00e7\u00e3o clara: quanto mais regular era o padr\u00e3o de sono di\u00e1rio, melhor o desempenho cognitivo. Em rela\u00e7\u00e3o ao BDNF, surgiu uma curva em U invertido, no qual os n\u00edveis eram mais altos entre pessoas com regularidade moderada e ca\u00edam tanto nos extremos de grande irregularidade quanto de rigidez excessiva em rela\u00e7\u00e3o aos hor\u00e1rios de dormir. Isso sugere que a sa\u00fade cerebral depende de equil\u00edbrio \u2014 n\u00e3o somente de dormir bem, mas de manter ritmo constante, sem exageros.<\/p>\n<p class=\"texto\"><strong>Rigidez<\/strong><\/p>\n<p class=\"texto\">Para Rafael Vinhal da Costa, m\u00e9dico do sono e polissonografista do Instituto do Sono Neuromaster, um achado muito interessante do estudo \u00e9 que tanto a irregularidade extrema quanto a rigidez excessiva dos hor\u00e1rios de sono podem ser prejudiciais. &#8220;Pessoas que tentam seguir uma rotina extremamente inflex\u00edvel \u2014 dormir sempre no mesmo minuto, sem tolerar pequenas varia\u00e7\u00f5es \u2014 apresentam n\u00edveis mais baixos de BDNF. Isso significa que o c\u00e9rebro pode se tornar menos adapt\u00e1vel \u00e0s mudan\u00e7as naturais do cotidiano.&#8221;<\/p>\n<p class=\"texto\">Conforme o especialista, a realidade n\u00e3o \u00e9 perfeitamente previs\u00edvel, exige criatividade e resili\u00eancia diante de imprevistos. &#8220;Quando o comportamento do sono \u00e9 r\u00edgido demais, essa capacidade de adapta\u00e7\u00e3o pode diminuir. N\u00e3o se trata de buscar perfei\u00e7\u00e3o, mas sim consist\u00eancia com flexibilidade. O sono \u00e9 um dos determinantes de sa\u00fade mais negligenciados pela sociedade moderna. Uma rotina de sono moderadamente regular \u2014 sem extremos \u2014 representa uma das interven\u00e7\u00f5es mais baratas, acess\u00edveis e poderosas para proteger o funcionamento cognitivo, a sa\u00fade mental e o envelhecimento.&#8221;<\/p>\n<p>PALAVRA DE ESPECIALISTA<\/p>\n<p class=\"texto\">Pilar para a vida<\/p>\n<p class=\"texto\">\t&#13;<br \/>\n  \t<img decoding=\"async\" src=\"https:\/\/www.europesays.com\/pt\/wp-content\/uploads\/2025\/12\/whatsapp-image-2025-11-19-at-14-41-47--1--61158492.jpeg\" alt=\"M\u00e1rcia Assis, neurologista, m\u00e9dica do sono e membro da Academia Brasileira do Sono\" title=\"M\u00e1rcia Assis, neurologista, m\u00e9dica do sono e membro da Academia Brasileira do Sono&#13;&#10;&#13;&#10;\" class=\"lazy\" width=\"\" height=\"\"\/>&#13;<br \/>\n  \t &#13;<br \/>\n\t\tM\u00e1rcia Assis, neurologista, m\u00e9dica do sono e membro da Academia Brasileira do Sono&#13;<br \/>\n&#13;<br \/>\n&#13;<br \/>\n\t\t(foto: Arquivo cedido)&#13;<br \/>\n\t&#13;\n<\/p>\n<p class=\"texto\">Dormir exerce papel fundamental no processo de envelhecimento. No c\u00e9rebro, o sono profundo ativa o sistema glinf\u00e1tico, respons\u00e1vel por eliminar toxinas e prote\u00ednas que, quando acumuladas, est\u00e3o relacionadas ao decl\u00ednio cognitivo e doen\u00e7as como Alzheimer.\u00a0Ademais, o est\u00e1gio REM fortalece a mem\u00f3ria e mant\u00e9m as conex\u00f5es neurais eficientes.\u00a0 Dormir regula mecanismos de reparo celular, reduz inflama\u00e7\u00e3o e mant\u00e9m o equil\u00edbrio hormonal. A falta de sono eleva o cortisol, reduz a melatonina e diminui a libera\u00e7\u00e3o do horm\u00f4nio do crescimento, fatores que, em conjunto, aceleram a perda muscular, prejudicam o metabolismo e aumentam o risco de doen\u00e7as cr\u00f4nicas. Na pele, as consequ\u00eancias tamb\u00e9m s\u00e3o vis\u00edveis, menos produ\u00e7\u00e3o de col\u00e1geno, pior recupera\u00e7\u00e3o de danos di\u00e1rios e aumento de sinais, como linhas finas, flacidez e opacidade. O rosto reflete o que o organismo sente internamente. Dormir bem n\u00e3o \u00e9 somente uma quest\u00e3o de descanso: \u00e9 um dos pilares mais importantes para envelhecer de forma saud\u00e1vel, preservando o c\u00e9rebro, a vitalidade e a apar\u00eancia.<\/p>\n<p class=\"texto\"><strong>M\u00e1rcia Assis<\/strong>, neurologista, m\u00e9dica do sono e membro da Academia Brasileira do Sono<\/p>\n<p>Cuidado com os cochilos<\/p>\n<p class=\"texto\">Cochilar durante o dia pode estar associado a um risco aumentado de mortalidade em adultos de meia-idade e idosos. \u00c9 o que aponta uma pesquisa publicada na revista Sleep e apresentada em congresso hom\u00f4nimo. A Academia Americana de Medicina do Sono recomenda que adultos saud\u00e1veis limitem as sonecas no m\u00e1ximo 20 a 30 minutos no in\u00edcio da tarde. Mais que isso pode causar sonol\u00eancia e prejudicar os benef\u00edcios da sesta.\u00a0<\/p>\n<p class=\"texto\">Os resultados evidenciaram que a dura\u00e7\u00e3o mediana dos cochilos foi de 0,40 hora por dia; 34% das sonecas foram tiradas entre as 9h e as 11h; 10% entre as 11h e as 13h;14% entre as 13h e as 15h; 19% entre as 15h e as 17h; e 22% entre as 17h e as 19h. Uma an\u00e1lise revelou que dormir mais tempo, ter maior variabilidade na dura\u00e7\u00e3o dos cochilos diurnos e percentuais mais altos de pestanas por volta do meio-dia e no in\u00edcio da tarde est\u00e1 associado a maiores riscos de mortalidade.<\/p>\n<p class=\"texto\">&#8220;Ao avaliar os resultados do estudo sobre o sono, ficamos surpresos com a frequ\u00eancia com que os cochilos diurnos eram comuns entre adultos de meia-idade e idosos, com a grande varia\u00e7\u00e3o em seus padr\u00f5es de sono diurno ao longo dos dias e com o hor\u00e1rio em que dormiam&#8221;, disse o autor principal, Chenlu Gao, pesquisador de p\u00f3s-doutorado no Hospital Geral de Massachusetts, nos Estados Unidos.\u00a0<\/p>\n<p class=\"texto\"><strong>Queda de energia<\/strong><\/p>\n<p class=\"texto\">Segundo Aliciane Mota Cavalcante, otorrinolaringologista e m\u00e9dica do sono, existe um fen\u00f4meno biol\u00f3gico chamado Processo S, um mecanismo interno e natural que gera uma queda de produtividade entre uma e duas horas depois do meio-dia. &#8220;Ele acontece independentemente da alimenta\u00e7\u00e3o \u2014 at\u00e9 quem est\u00e1 em jejum sente essa queda de energia. Quando fazemos um cochilo curto nesse momento, de at\u00e9 30 minutos, aliviamos a press\u00e3o interna de cansa\u00e7o, elevamos o desempenho no per\u00edodo da tarde e melhoramos a qualidade do sono noturno. Em pessoas com ins\u00f4nia, at\u00e9 mesmo esse cochilo curto pode n\u00e3o ser indicado, mas essa \u00e9 a exce\u00e7\u00e3o.&#8221;<\/p>\n<p class=\"texto\">Embora um r\u00e1pido cochilo revigorante possa melhorar o estado de alerta e o desempenho durante o dia, dormir mais que 30 minutos pode causar sonol\u00eancia ao acordar. Essa moleza, ou &#8220;in\u00e9rcia do sono&#8221;, pode prejudicar as vantagens de curto prazo que as pestanas podem oferecer.\u00a0 &#8220;Curiosamente, os dados que demostram os riscos associados \u00e0 soneca por volta do meio-dia e in\u00edcio da tarde contradizem o que sabemos atualmente sobre a pr\u00e1tica, portanto, mais pesquisas sobre essa rela\u00e7\u00e3o podem ser justificadas&#8221;, acrescentou Gao.<\/p>\n<p class=\"texto\">Para o estudo, os pesquisadores usaram informa\u00e7\u00f5es de 86.565 participantes cadastrados no UK Biobank, um banco de dados do Reino Unido, com idade m\u00e9dia inicial de 63 anos, 57% eram mulheres. Eles foram monitorados durante sete dias, e o cochilo diurno foi definido como sono entre as 9h e as 19h.\u00a0<\/p>\n<p class=\"texto\">Os dados de mortalidade foram obtidos de registros nacionais. Foi constatado que 5.189, ou 6% dos participantes, morreram durante um per\u00edodo de acompanhamento de at\u00e9 11 anos. Os resultados foram ajustados para potenciais fatores de confus\u00e3o, incluindo dados demogr\u00e1ficos, \u00edndice de massa corporal, tabagismo, consumo de \u00e1lcool e dura\u00e7\u00e3o do sono noturno.<\/p>\n<p class=\"texto\">Gao observou que os resultados s\u00e3o importantes por destacarem a relev\u00e2ncia potencial de se considerar os comportamentos de sono diurno no risco de mortalidade em adultos. &#8220;A incorpora\u00e7\u00e3o de avalia\u00e7\u00f5es do sono diurno baseadas em actigrafia \u2014 m\u00e9todo de monitoramento n\u00e3o invasivo que usa um dispositivo de pulso, parecido com um rel\u00f3gio \u2014 nas pr\u00e1ticas cl\u00ednicas e de sa\u00fade p\u00fablica pode oferecer novas oportunidades para a identifica\u00e7\u00e3o precoce de riscos e interven\u00e7\u00f5es personalizadas para promover a longevidade&#8221;, frisou Gao.\u00a0<\/p>\n<p>\u00a0              <\/p>\n<ul>\n<li><a href=\"https:\/\/wa.me\/?text=Ins%C3%B4nia+amea%C3%A7a+a+sa%C3%BAde+do+c%C3%A9rebro%2C+aponta+estudo+com+idosos+%20https:\/\/www.correiobraziliense.com.br\/ciencia-e-saude\/2025\/12\/7297463-insonia-ameaca-a-saude-do-cerebro-aponta-estudo-com-idosos.html\" target=\"_blank\" title=\"Whatsapp\" aria-label=\"WhatsApp\" rel=\"nofollow noopener\"><\/a><\/li>\n<li><a href=\"https:\/\/www.facebook.com\/sharer.php?u=https:\/\/www.correiobraziliense.com.br%2Fciencia-e-saude%2F2025%2F12%2F7297463-insonia-ameaca-a-saude-do-cerebro-aponta-estudo-com-idosos.html&amp;text=Ins%C3%B4nia+amea%C3%A7a+a+sa%C3%BAde+do+c%C3%A9rebro%2C+aponta+estudo+com+idosos+\" target=\"_blank\" title=\"Facebook\" aria-label=\"Facebook\" rel=\"nofollow noopener\"><\/a><\/li>\n<li><a href=\"https:\/\/twitter.com\/intent\/tweet?url=https:\/\/www.correiobraziliense.com.br%2Fciencia-e-saude%2F2025%2F12%2F7297463-insonia-ameaca-a-saude-do-cerebro-aponta-estudo-com-idosos.html&amp;text=Ins%C3%B4nia+amea%C3%A7a+a+sa%C3%BAde+do+c%C3%A9rebro%2C+aponta+estudo+com+idosos+\" target=\"_blank\" title=\"Twitter\" aria-label=\"Twitter\" rel=\"nofollow noopener\"><\/a><\/li>\n<li><a href=\"https:\/\/profile.google.com\/cp\/CgovbS8wNzZ0dms1\" title=\"Google Discover\" target=\"_blank\" aria-label=\"Google Discover\" rel=\"nofollow noopener\"><img decoding=\"async\" src=\"https:\/\/www.europesays.com\/pt\/wp-content\/uploads\/2025\/12\/google-discover-icon.png\" style=\"height: 25px; margin: 0 !important; margin-left: 3px;\" alt=\"Google Discover Icon\"\/><\/a><\/li>\n<\/ul>\n<p>              <a href=\"https:\/\/www.correiobraziliense.com.br\/autor\/isabella-almeida\/page\/1\/\" style=\"height: 100%;\" rel=\"nofollow noopener\" target=\"_blank\"><img decoding=\"async\" class=\"hidden-print author-circle d-block h6 mt-0 mb-0 mr-6 text-center\" src=\"https:\/\/www.europesays.com\/pt\/wp-content\/uploads\/2025\/11\/1762676229_351_img_3872__1_-30220876.jpg\" alt=\"\" width=\"40\" height=\"40\" loading=\"lazy\" style=\"object-fit:cover; width: 40px; height: 40px; margin-right:10px;\"\/><\/a><a href=\"https:\/\/www.correiobraziliense.com.br\/autor\/isabella-almeida\/page\/1\/\" rel=\"nofollow noopener\" target=\"_blank\"><img decoding=\"async\" class=\"hidden-print author-circle d-block h6 mt-0 mb-0 mr-6 text-center\" src=\"https:\/\/www.europesays.com\/pt\/wp-content\/uploads\/2025\/11\/1762676229_351_img_3872__1_-30220876.jpg\" alt=\"\" width=\"40\" height=\"40\" loading=\"lazy\" style=\"object-fit:cover; width: 40px; height: 40px; margin-right:10px;\"\/><\/a>Isabella Almeida  <strong class=\"entryStrongAuthor\">Rep\u00f3rter<\/strong><\/p>\n<p class=\"entryDescricaoAuthor\">Goiana, mora em Bras\u00edlia desde 2018. Formada em jornalismo pela Universidade de Bras\u00edlia (UnB). Especialista em publica\u00e7\u00f5es de sa\u00fade e ci\u00eancia.<\/p>\n<p>                          <script async src=\"https:\/\/platform.twitter.com\/widgets.js\" charset=\"utf-8\"><\/script><\/p>\n","protected":false},"excerpt":{"rendered":"A ci\u00eancia refor\u00e7a que dormir bem \u00e9 um dos pilares mais importantes para a sa\u00fade cerebral, da inf\u00e2ncia&hellip;\n","protected":false},"author":2,"featured_media":202936,"comment_status":"","ping_status":"","sticky":false,"template":"","format":"standard","meta":{"footnotes":""},"categories":[86],"tags":[314,24670,4288,109,2041,116,1713,32,33,117,536],"class_list":{"0":"post-202935","1":"post","2":"type-post","3":"status-publish","4":"format-standard","5":"has-post-thumbnail","7":"category-saude","8":"tag-alzheimer","9":"tag-cerebral","10":"tag-cerebro","11":"tag-ciencia","12":"tag-demencia","13":"tag-health","14":"tag-insonia","15":"tag-portugal","16":"tag-pt","17":"tag-saude","18":"tag-sono"},"share_on_mastodon":{"url":"https:\/\/pubeurope.com\/@pt\/115784905508741269","error":""},"_links":{"self":[{"href":"https:\/\/www.europesays.com\/pt\/wp-json\/wp\/v2\/posts\/202935","targetHints":{"allow":["GET"]}}],"collection":[{"href":"https:\/\/www.europesays.com\/pt\/wp-json\/wp\/v2\/posts"}],"about":[{"href":"https:\/\/www.europesays.com\/pt\/wp-json\/wp\/v2\/types\/post"}],"author":[{"embeddable":true,"href":"https:\/\/www.europesays.com\/pt\/wp-json\/wp\/v2\/users\/2"}],"replies":[{"embeddable":true,"href":"https:\/\/www.europesays.com\/pt\/wp-json\/wp\/v2\/comments?post=202935"}],"version-history":[{"count":0,"href":"https:\/\/www.europesays.com\/pt\/wp-json\/wp\/v2\/posts\/202935\/revisions"}],"wp:featuredmedia":[{"embeddable":true,"href":"https:\/\/www.europesays.com\/pt\/wp-json\/wp\/v2\/media\/202936"}],"wp:attachment":[{"href":"https:\/\/www.europesays.com\/pt\/wp-json\/wp\/v2\/media?parent=202935"}],"wp:term":[{"taxonomy":"category","embeddable":true,"href":"https:\/\/www.europesays.com\/pt\/wp-json\/wp\/v2\/categories?post=202935"},{"taxonomy":"post_tag","embeddable":true,"href":"https:\/\/www.europesays.com\/pt\/wp-json\/wp\/v2\/tags?post=202935"}],"curies":[{"name":"wp","href":"https:\/\/api.w.org\/{rel}","templated":true}]}}