{"id":202943,"date":"2025-12-26T08:28:20","date_gmt":"2025-12-26T08:28:20","guid":{"rendered":"https:\/\/www.europesays.com\/pt\/202943\/"},"modified":"2025-12-26T08:28:20","modified_gmt":"2025-12-26T08:28:20","slug":"cirurgia-de-jair-bolsonaro-a-hernias-inguinais-foi-bem-sucedida","status":"publish","type":"post","link":"https:\/\/www.europesays.com\/pt\/202943\/","title":{"rendered":"Cirurgia de Jair Bolsonaro a h\u00e9rnias inguinais foi &#8220;bem-sucedida&#8221;"},"content":{"rendered":"<p>&#13;<br \/>\nA mulher de Jair Bolsonaro, Michelle, escreveu na rede social Instagram esta quinta-feira que a cirurgia do marido foi &#8220;bem-sucedida, sem complica\u00e7\u00f5es&#8221; e que &#8220;agora s\u00f3 temos de esperar que acorde da anestesia&#8221;.&#13;\n<\/p>\n<p>&#13;<br \/>\nEsta \u00e9 <b>a primeira vez que o ex-presidente, de 70 anos, sai da pris\u00e3o<\/b> desde que foi encarcerado, no final de novembro, para cumprir a pena de 27 anos a que foi condenado por tentativa de golpe de Estado.&#13;\n<\/p>\n<p>&#13;<br \/>\nSegundo a fam\u00edlia, a opera\u00e7\u00e3o durou cerca de tr\u00eas horas e meia.&#13;\n<\/p>\n<p>&#13;<br \/>\nA sa\u00edda da pris\u00e3o de Bolsonaro, que est\u00e1 hospitalizado desde quarta-feira, foi autorizada pelo Supremo Tribunal Federal e assinada pelo juiz Alexandre de Moraes, relator do seu processo, depois de os m\u00e9dicos da Pol\u00edcia Federal terem confirmado a necessidade da opera\u00e7\u00e3o.&#13;\n<\/p>\n<p>&#13;<br \/>\nO juiz determinou que <b>deveria ser garantida a seguran\u00e7a e fiscaliza\u00e7\u00e3o de Bolsonaro 24 horas por dia<\/b>, com pelo menos dois agentes na porta do quarto no hospital e outras equipas dentro e fora do centro m\u00e9dico.&#13;\n<\/p>\n<p>&#13;<br \/>\nAlexandre de Moraes tamb\u00e9m proibiu a entrada no quarto de computadores, telefones, telem\u00f3veis, ou qualquer equipamento eletr\u00f3nico, tendo autorizado a presen\u00e7a da mulher, como acompanhante durante o per\u00edodo em que Bolsonaro permanecer no hospital. Qualquer outra visita deve contar previamente com autoriza\u00e7\u00e3o judicial.&#13;\n<\/p>\n<p>&#13;<br \/>\nO ex-chefe de Estado, que governou o Brasil entre 2019 e 2022, sofre h\u00e1 meses de v\u00e1rios problemas de sa\u00fade, entre eles v\u00f3mitos, tonturas e crises de solu\u00e7os, e j\u00e1 foi submetido a outras cirurgias desde que foi esfaqueado no abd\u00f3men durante um com\u00edcio da campanha eleitoral em 2018.&#13;\n<\/p>\n<p>&#13;<br \/>\nBolsonaro, que foi <b>condenado juntamente com v\u00e1rios dos seus aliados por tentativa de derrubar o sistema democr\u00e1tico brasileiro<\/b> ap\u00f3s a sua derrota nas elei\u00e7\u00f5es de 2022, nega qualquer irregularidade.&#13;\n<\/p>\n<p>&#13;<br \/>\nHoje, antes da cirurgia, o seu filho mais velho, o senador Fl\u00e1vio Bolsonaro, disse aos jornalistas que o pai tinha escrito uma carta a confirmar que o tinha nomeado como candidato presidencial do seu Partido Liberal nas elei\u00e7\u00f5es do pr\u00f3ximo ano. &#13;\n<\/p>\n<p>&#13;<br \/>\nFl\u00e1vio Bolsonaro j\u00e1 tinha anunciado a 5 de dezembro que iria desafiar o presidente Luiz In\u00e1cio Lula da Silva.&#13;\n<\/p>\n<p>&#13;<br \/>\nLula procura um quarto mandato n\u00e3o consecutivo.&#13;\n<\/p>\n<p>&#13;<br \/>\nc\/ Lusa&#13;<\/p>\n","protected":false},"excerpt":{"rendered":"&#13; A mulher de Jair Bolsonaro, Michelle, escreveu na rede social Instagram esta quinta-feira que a cirurgia do&hellip;\n","protected":false},"author":2,"featured_media":202944,"comment_status":"","ping_status":"","sticky":false,"template":"","format":"standard","meta":{"footnotes":""},"categories":[8],"tags":[19088,1427,27,28,15,16,14,1125,25,26,21,22,12,13,19,20,32,23,24,33,17,18,29,30,31],"class_list":{"0":"post-202943","1":"post","2":"type-post","3":"status-publish","4":"format-standard","5":"has-post-thumbnail","7":"category-principais-noticias","8":"tag-alexandre","9":"tag-brasilia","10":"tag-breaking-news","11":"tag-breakingnews","12":"tag-featured-news","13":"tag-featurednews","14":"tag-headlines","15":"tag-jair-bolsonaro","16":"tag-latest-news","17":"tag-latestnews","18":"tag-main-news","19":"tag-mainnews","20":"tag-news","21":"tag-noticias","22":"tag-noticias-principais","23":"tag-noticiasprincipais","24":"tag-portugal","25":"tag-principais-noticias","26":"tag-principaisnoticias","27":"tag-pt","28":"tag-top-stories","29":"tag-topstories","30":"tag-ultimas","31":"tag-ultimas-noticias","32":"tag-ultimasnoticias"},"share_on_mastodon":{"url":"https:\/\/pubeurope.com\/@pt\/115784929142129885","error":""},"_links":{"self":[{"href":"https:\/\/www.europesays.com\/pt\/wp-json\/wp\/v2\/posts\/202943","targetHints":{"allow":["GET"]}}],"collection":[{"href":"https:\/\/www.europesays.com\/pt\/wp-json\/wp\/v2\/posts"}],"about":[{"href":"https:\/\/www.europesays.com\/pt\/wp-json\/wp\/v2\/types\/post"}],"author":[{"embeddable":true,"href":"https:\/\/www.europesays.com\/pt\/wp-json\/wp\/v2\/users\/2"}],"replies":[{"embeddable":true,"href":"https:\/\/www.europesays.com\/pt\/wp-json\/wp\/v2\/comments?post=202943"}],"version-history":[{"count":0,"href":"https:\/\/www.europesays.com\/pt\/wp-json\/wp\/v2\/posts\/202943\/revisions"}],"wp:featuredmedia":[{"embeddable":true,"href":"https:\/\/www.europesays.com\/pt\/wp-json\/wp\/v2\/media\/202944"}],"wp:attachment":[{"href":"https:\/\/www.europesays.com\/pt\/wp-json\/wp\/v2\/media?parent=202943"}],"wp:term":[{"taxonomy":"category","embeddable":true,"href":"https:\/\/www.europesays.com\/pt\/wp-json\/wp\/v2\/categories?post=202943"},{"taxonomy":"post_tag","embeddable":true,"href":"https:\/\/www.europesays.com\/pt\/wp-json\/wp\/v2\/tags?post=202943"}],"curies":[{"name":"wp","href":"https:\/\/api.w.org\/{rel}","templated":true}]}}