{"id":202954,"date":"2025-12-26T08:43:36","date_gmt":"2025-12-26T08:43:36","guid":{"rendered":"https:\/\/www.europesays.com\/pt\/202954\/"},"modified":"2025-12-26T08:43:36","modified_gmt":"2025-12-26T08:43:36","slug":"ouro-atinge-novo-recorde","status":"publish","type":"post","link":"https:\/\/www.europesays.com\/pt\/202954\/","title":{"rendered":"Ouro atinge novo recorde"},"content":{"rendered":"<p>O ouro atingiu esta quarta-feira um novo recorde, ultrapassando os 4.500 d\u00f3lares por on\u00e7a pela primeira vez. O valor foi impulsionado pelo risco geopol\u00edtico do conflito entre EUA e Venezuela e perspetivas de redu\u00e7\u00e3o dos juros pelo banco central norte-americano.<\/p>\n<p>O metal amarelo, valor ref\u00fagio por excel\u00eancia, subiu para 4.519,78 d\u00f3lares por 31,1 gramas, com o pre\u00e7o a disparar mais de 70% desde o in\u00edcio do ano de 2025.<\/p>\n<p>Este novo aumento insere-se numa valoriza\u00e7\u00e3o mais geral dos pre\u00e7os dos metais: a prata e o cobre tamb\u00e9m atingiram novos m\u00e1ximos na ter\u00e7a-feira, enquanto a platina registou o seu valor mais alto desde maio de 2008, valorizando mais de 110% desde o in\u00edcio do ano.\u00a0<\/p>\n<p>Estes movimentos podem ser explicados, em parte, pelo agravamento dos riscos geopol\u00edticos entre Washington e Caracas, depois de o Presidente norte-americano, Donald Trump, ter afirmando na segunda-feira que seria \u201csensato\u201d para o seu hom\u00f3logo venezuelano, Nicol\u00e1s Maduro, deixar o poder.<\/p>\n<p>No dia seguinte houve uma reuni\u00e3o de emerg\u00eancia do Conselho de Seguran\u00e7a das Na\u00e7\u00f5es Unidas sobre a Venezuela, onde R\u00fassia e China condenaram a press\u00e3o militar e econ\u00f3mica exercida sobre a Venezuela pelos EUA, que alegaram estar a proteger o \u201cseu hemisf\u00e9rio\u201d.<\/p>\n<p>Paralelamente, os investidores antecipam novas redu\u00e7\u00f5es das taxas de juro pela Reserva Federal dos Estados Unidos (Fed) em 2026, ap\u00f3s dados recentes que refletem um enfraquecimento do mercado de trabalho norte-americano e um abrandamento da infla\u00e7\u00e3o na maior economia do mundo.<\/p>\n","protected":false},"excerpt":{"rendered":"O ouro atingiu esta quarta-feira um novo recorde, ultrapassando os 4.500 d\u00f3lares por on\u00e7a pela primeira vez. O&hellip;\n","protected":false},"author":2,"featured_media":202955,"comment_status":"","ping_status":"","sticky":false,"template":"","format":"standard","meta":{"footnotes":""},"categories":[8],"tags":[27,28,15,16,14,25,26,21,22,12,13,19,20,15644,32,10700,23,24,33,17,18,29,30,31],"class_list":{"0":"post-202954","1":"post","2":"type-post","3":"status-publish","4":"format-standard","5":"has-post-thumbnail","7":"category-principais-noticias","8":"tag-breaking-news","9":"tag-breakingnews","10":"tag-featured-news","11":"tag-featurednews","12":"tag-headlines","13":"tag-latest-news","14":"tag-latestnews","15":"tag-main-news","16":"tag-mainnews","17":"tag-news","18":"tag-noticias","19":"tag-noticias-principais","20":"tag-noticiasprincipais","21":"tag-ouro","22":"tag-portugal","23":"tag-preco","24":"tag-principais-noticias","25":"tag-principaisnoticias","26":"tag-pt","27":"tag-top-stories","28":"tag-topstories","29":"tag-ultimas","30":"tag-ultimas-noticias","31":"tag-ultimasnoticias"},"share_on_mastodon":{"url":"https:\/\/pubeurope.com\/@pt\/115784987935414065","error":""},"_links":{"self":[{"href":"https:\/\/www.europesays.com\/pt\/wp-json\/wp\/v2\/posts\/202954","targetHints":{"allow":["GET"]}}],"collection":[{"href":"https:\/\/www.europesays.com\/pt\/wp-json\/wp\/v2\/posts"}],"about":[{"href":"https:\/\/www.europesays.com\/pt\/wp-json\/wp\/v2\/types\/post"}],"author":[{"embeddable":true,"href":"https:\/\/www.europesays.com\/pt\/wp-json\/wp\/v2\/users\/2"}],"replies":[{"embeddable":true,"href":"https:\/\/www.europesays.com\/pt\/wp-json\/wp\/v2\/comments?post=202954"}],"version-history":[{"count":0,"href":"https:\/\/www.europesays.com\/pt\/wp-json\/wp\/v2\/posts\/202954\/revisions"}],"wp:featuredmedia":[{"embeddable":true,"href":"https:\/\/www.europesays.com\/pt\/wp-json\/wp\/v2\/media\/202955"}],"wp:attachment":[{"href":"https:\/\/www.europesays.com\/pt\/wp-json\/wp\/v2\/media?parent=202954"}],"wp:term":[{"taxonomy":"category","embeddable":true,"href":"https:\/\/www.europesays.com\/pt\/wp-json\/wp\/v2\/categories?post=202954"},{"taxonomy":"post_tag","embeddable":true,"href":"https:\/\/www.europesays.com\/pt\/wp-json\/wp\/v2\/tags?post=202954"}],"curies":[{"name":"wp","href":"https:\/\/api.w.org\/{rel}","templated":true}]}}