{"id":202960,"date":"2025-12-26T08:49:15","date_gmt":"2025-12-26T08:49:15","guid":{"rendered":"https:\/\/www.europesays.com\/pt\/202960\/"},"modified":"2025-12-26T08:49:15","modified_gmt":"2025-12-26T08:49:15","slug":"da-memoria-a-alegria-filme-familiar-emociona-viraliza-e-muda-a-vida-de-jovem-da-regiao","status":"publish","type":"post","link":"https:\/\/www.europesays.com\/pt\/202960\/","title":{"rendered":"Da mem\u00f3ria \u00e0 alegria: \u2018filme\u2019 familiar emociona, viraliza e muda a vida de jovem da regi\u00e3o"},"content":{"rendered":"<p>Muitas hist\u00f3rias s\u00e3o contadas de diferentes formas, seja em v\u00eddeo, na escrita ou na oralidade. Mas, hoje, com o avan\u00e7o da tecnologia, narrativas que antes poderiam parecer comuns ganham um novo formato: o da<strong> anima\u00e7\u00e3o<\/strong>. Foi assim que <strong>Beatriz Ciarnuto Souza<\/strong>, de 30 anos, escolheu contar a trajet\u00f3ria de sua fam\u00edlia \u2013 assista ao v\u00eddeo.<\/p>\n<p>A ideia surgiu em um momento que tinha como objetivo homenagear os pais, que, ap\u00f3s muitos anos, decidiram se reunir. Segundo Beatriz, os irm\u00e3os acabaram se distanciando depois da morte da matriarca da fam\u00edlia, e os encontros familiares deixaram de acontecer.<\/p>\n<p>Com a data marcada para 25 de outubro deste ano, eles alugaram uma ch\u00e1cara em Valinhos, cidade a cerca de 20 minutos de Campinas. Com tudo definido, come\u00e7aram os preparativos:<\/p>\n<blockquote>\n<p>\u201cNo grupo das primas, uma delas deu a ideia de passar alguns slides de cenas deles em formato de anima\u00e7\u00e3o. Iria ter a cena animada e uma das primas contaria a hist\u00f3ria no microfone. Ent\u00e3o eu perguntei no grupo: \u2018Por que n\u00e3o animar essa imagem e fazer um filme?\u2019\u201d,<\/p>\n<p> conta Beatriz.<\/p><\/blockquote>\n<p>Depois da ideia, come\u00e7aram as pesquisas para que o projeto sa\u00edsse do \u201cpapel\u201d e fosse tomando forma.<\/p>\n<p>\u201cA Flor do Sert\u00e3o\u201d<\/p>\n<p>Para reunir as hist\u00f3rias dos av\u00f3s e produzir o filme intitulado<strong> \u201cA Flor do Sert\u00e3o\u201d<\/strong>, come\u00e7ou uma verdadeira miss\u00e3o. De forma secreta, as primas passaram a coletar relatos dos pais para a cria\u00e7\u00e3o do roteiro.<\/p>\n<blockquote class=\"wp-block-quote is-layout-flow wp-block-quote-is-layout-flow\">\n<p>\u201cFoi algo bem dif\u00edcil. Percebemos que eles tinham muitos traumas do passado e, em alguns casos, foi muito complicado encontrar uma hist\u00f3ria que fosse leve de se contar. Mesmo assim, \u00edamos trocando ideias no grupo das primas e alinhando as informa\u00e7\u00f5es\u201d, relembra a produtora.<\/p>\n<\/blockquote>\n<p>Ficou decidido que o v\u00eddeo contaria uma fase da vida de cada um dos irm\u00e3os. Cada filha ficou com o compromisso de pesquisar, de forma discreta, um momento marcante da vida do pai e da m\u00e3e.<\/p>\n<p><img fetchpriority=\"high\" decoding=\"async\" width=\"1024\" height=\"683\" src=\"https:\/\/www.europesays.com\/pt\/wp-content\/uploads\/2025\/12\/WhatsApp-Image-2025-12-18-at-11.42.09_2025-12-19_19-51-17-1024x683.webp.webp\" alt=\"WhatsApp Image 2025 12 18 at 11.42.09 2025 12 19 19 51 17\" class=\"wp-image-171061\" title=\"Da mem\u00f3ria \u00e0 alegria: \u2018filme\u2019 familiar emociona, viraliza e muda a vida de jovem da regi\u00e3o 1\"  \/><\/p>\n<p>Giliane Souza, de 40 anos, sobrinha mais velha, cresceu ouvindo detalhes dessas hist\u00f3rias e ajudou no processo. \u201cA gente ia trocando figurinhas e passando o m\u00e1ximo de detalhes poss\u00edvel para a Beatriz ir colocando no v\u00eddeo\u201d, explica.<\/p>\n<p>Em um dos relatos, ap\u00f3s muita insist\u00eancia da filha, <strong>um dos tios chegou a chorar ao contar a pr\u00f3pria hist\u00f3ria de vida.<\/strong><\/p>\n<p>Para a produ\u00e7\u00e3o, Beatriz utilizou ferramentas como <strong>ChatGPT, Gemini, Grok, Canva e CapCut<\/strong>. Segundo ela, o v\u00eddeo levou mais de 30 horas para ficar pronto.<\/p>\n<p>De psic\u00f3loga a videomaker<\/p>\n<p>Antes de iniciar a produ\u00e7\u00e3o do v\u00eddeo, Beatriz atuava como<strong> psic\u00f3loga<\/strong>. O filme sobre a hist\u00f3ria da fam\u00edlia foi sua primeira experi\u00eancia no audiovisual. Em um momento de transi\u00e7\u00e3o de carreira, iniciado em janeiro de 2025, ela decidiu se tornar videomaker.<\/p>\n<blockquote>\n<p>\u201cDo meio do ano em diante, eu decidi focar mesmo em me tornar videomaker mobile, mas eu geralmente filmava im\u00f3veis para corretores, algumas festas infantis e eventos familiares\u201d, explica.<\/p>\n<\/blockquote>\n<p><img loading=\"lazy\" decoding=\"async\" width=\"529\" height=\"553\" src=\"https:\/\/www.europesays.com\/pt\/wp-content\/uploads\/2025\/12\/beatriz_2025-12-19_19-53-41.webp.webp\" alt=\"beatriz 2025 12 19 19 53 41\" class=\"wp-image-171064\" title=\"Da mem\u00f3ria \u00e0 alegria: \u2018filme\u2019 familiar emociona, viraliza e muda a vida de jovem da regi\u00e3o 2\"  \/>Beatriz Ciarnuto Souza, de 30 anos, produtora da anima\u00e7\u00e3o<\/p>\n<p>Viraliza\u00e7\u00e3o e mudan\u00e7as na rotina<\/p>\n<p>O dia da exibi\u00e7\u00e3o chegou. Com toda a fam\u00edlia reunida, al\u00e9m de apresentar o filme, Beatriz decidiu gravar a rea\u00e7\u00e3o dos parentes ao assistirem \u00e0 produ\u00e7\u00e3o. De forma despretensiosa, publicou o v\u00eddeo no TikTok. Para sua surpresa, <strong>o conte\u00fado viralizou e ultrapassou 7 milh\u00f5es de visualiza\u00e7\u00f5es.<\/strong><\/p>\n<blockquote>\n<p>\u201cFiquei muito assustada. Foi desesperador receber, no in\u00edcio, uma quantidade enorme de mensagens, mas o carinho das pessoas nos coment\u00e1rios tamb\u00e9m foi muito acolhedor. Foi muito legal ver a rea\u00e7\u00e3o de todos os tios. Eles ficaram muito felizes, e as primas mandavam v\u00eddeos deles sendo flagrados assistindo ao filme v\u00e1rias vezes no dia\u201d, relata.<\/p>\n<\/blockquote>\n<p>Segundo Beatriz, alguns tios chegaram a contar que foram abordados por pessoas na rua que disseram ter visto o v\u00eddeo nas redes sociais. Outras tias quiseram recompens\u00e1-la de alguma forma, e a sobrinha chegou at\u00e9 a ganhar presentes.<\/p>\n<p><img loading=\"lazy\" decoding=\"async\" width=\"1024\" height=\"683\" src=\"https:\/\/www.europesays.com\/pt\/wp-content\/uploads\/2025\/12\/WhatsApp-Image-2025-12-18-at-11.40.46_2025-12-19_19-51-33-1024x683.webp.webp\" alt=\"WhatsApp Image 2025 12 18 at 11.40.46 2025 12 19 19 51 33\" class=\"wp-image-171062\" title=\"Da mem\u00f3ria \u00e0 alegria: \u2018filme\u2019 familiar emociona, viraliza e muda a vida de jovem da regi\u00e3o 3\"  \/><\/p>\n<p>\u201cFizemos tudo com muito carinho, para que marcasse a vida deles e para que pudessem ressignificar toda a viv\u00eancia do passado. Sentimos que esse objetivo foi alcan\u00e7ado\u201d, afirma.<\/p>\n<p>E quem pensa que parou por a\u00ed est\u00e1 enganado. A viraliza\u00e7\u00e3o trouxe mudan\u00e7as significativas para a rotina e a vida profissional de Beatriz. Com o sucesso, ela passou a ser contratada para produzir v\u00eddeos contando a hist\u00f3ria de outras fam\u00edlias.<\/p>\n<blockquote>\n<p>\u201cPor umas duas semanas seguidas, eu trabalhei praticamente todos os dias, das 7h \u00e0s 23h\u201d, conta.<\/p>\n<\/blockquote>\n<p>Ap\u00f3s a repercuss\u00e3o, ela j\u00e1 soma mais de 30 projetos marcados at\u00e9 janeiro.<\/p>\n<blockquote>\n<p>\u201cA demanda aumentou muito. Tive que me organizar para chamar uma pessoa para me ajudar com as respostas nas redes sociais e estou treinando outra para me auxiliar na produ\u00e7\u00e3o. J\u00e1 produzi e entreguei nove projetos do m\u00eas passado para c\u00e1, e ainda faltam os de Natal e Ano Novo. Para o ano que vem, tenho uma lista com mais de 20\u201d, explica.<\/p>\n<\/blockquote>\n<p>Com a agenda cheia, Beatriz precisou se reorganizar para produzir dois v\u00eddeos por semana e dar continuidade aos trabalhos que j\u00e1 realizava antes da viraliza\u00e7\u00e3o. Com a alta demanda, tamb\u00e9m treinou outra pessoa para trabalhar com ela.<\/p>\n<blockquote class=\"wp-block-quote is-layout-flow wp-block-quote-is-layout-flow\">\n<p>\u201cAs pessoas j\u00e1 chegam no chat contando as hist\u00f3rias delas, e parte o cora\u00e7\u00e3o n\u00e3o poder atender todo mundo por falta de tempo. Eu sei o quanto a repercuss\u00e3o do v\u00eddeo foi importante para a minha fam\u00edlia e queria que mais pessoas pudessem sentir isso com as delas\u201d, diz.<\/p>\n<\/blockquote>\n<p>Com todo o sucesso, a psic\u00f3loga agora <strong>pensa em transformar a produ\u00e7\u00e3o de v\u00eddeos em um neg\u00f3cio mais s\u00f3lido.<\/strong><\/p>\n<p>Al\u00e9m da hist\u00f3ria da pr\u00f3pria fam\u00edlia, outros v\u00eddeos tamb\u00e9m est\u00e3o viralizando. \u201cPelo que entendo de redes sociais, conte\u00fados familiares fazem as pessoas ficarem e consumirem. Pelos coment\u00e1rios que consigo ler, vejo que muita gente se identifica com as hist\u00f3rias. Os passados se encontram em algum momento: na dor, na perda, na vida dif\u00edcil, na supera\u00e7\u00e3o\u201d, reflete.<\/p>\n<p>Risos, choros e emo\u00e7\u00e3o durante o encontro<\/p>\n<p>Risos e l\u00e1grimas marcaram o encontro da fam\u00edlia no interior de S\u00e3o Paulo. Emocionados, ao final da exibi\u00e7\u00e3o, os irm\u00e3os se abra\u00e7aram e agradeceram uns aos outros por tudo o que viveram juntos.<\/p>\n<blockquote class=\"wp-block-quote is-layout-flow wp-block-quote-is-layout-flow\">\n<p>\u201cIsso foi lindo e n\u00e3o tem pre\u00e7o que pague viver esse momento com eles\u201d, finaliza.<\/p>\n<\/blockquote>\n<p>Do Nordeste \u00e0 terra campineira<\/p>\n<p>O v\u00eddeo come\u00e7a contando a hist\u00f3ria de<strong> Jos\u00e9 Martins Souza e Josefa Ot\u00e1vio<\/strong>, que deixaram o Nordeste e constru\u00edram a pr\u00f3pria trajet\u00f3ria no interior paulista, dando in\u00edcio a uma narrativa que uniu passado, mem\u00f3ria e emo\u00e7\u00e3o.<\/p>\n<p>Hoje, s\u00e3o<strong> 10 irm\u00e3os vivos<\/strong> (cinco acabaram falecendo ainda beb\u00eas) e<strong> 33 primos e primas<\/strong>, que se reuniram no evento.<\/p>\n<p><img loading=\"lazy\" decoding=\"async\" width=\"1024\" height=\"576\" src=\"https:\/\/www.europesays.com\/pt\/wp-content\/uploads\/2025\/12\/Design-sem-nome-7_2025-12-19_19-50-58-1024x576.webp.webp\" alt=\"Design sem nome 7 2025 12 19 19 50 58\" class=\"wp-image-171060\" title=\"Da mem\u00f3ria \u00e0 alegria: \u2018filme\u2019 familiar emociona, viraliza e muda a vida de jovem da regi\u00e3o 4\"  \/><\/p>\n<p><strong>Fique ON<\/strong><\/p>\n<p><strong>Quer ficar ligado em tudo o que rola em Campinas?<\/strong>\u00a0Siga o\u00a0<a href=\"https:\/\/www.instagram.com\/acidadeoncampinas\/\" target=\"_blank\" rel=\"noreferrer noopener nofollow\"><strong>perfil do acidade on Campinas no Instagram<\/strong>\u00a0<\/a>e tamb\u00e9m no\u00a0<a href=\"https:\/\/www.facebook.com\/acidadeoncampinas\/\" target=\"_blank\" rel=\"noreferrer noopener nofollow\"><strong>Facebook<\/strong><\/a>.<\/p>\n<p>Receba not\u00edcias do\u00a0<strong>acidade on Campinas\u00a0<\/strong>no WhatsApp e fique por dentro de tudo! Basta acessar o link\u00a0<strong><a href=\"https:\/\/www.whatsapp.com\/channel\/0029Vb5uWWK8PgsF3V3ruy35\" target=\"_blank\" rel=\"noreferrer noopener nofollow\">aqui<\/a>!<\/strong><\/p>\n<p><strong>Fa\u00e7a uma den\u00fancia ou sugira uma reportagem sobre Campinas e regi\u00e3o por meio do WhatsApp do acidade on Campinas: (19) 97159-8294<\/strong>.<\/p>\n<p>Tamb\u00e9m estamos on no\u00a0<strong><a href=\"https:\/\/www.threads.com\/@acidadeoncampinas\" target=\"_blank\" rel=\"noreferrer noopener nofollow\">Threads\u00a0<\/a><\/strong>e no\u00a0<strong><a href=\"https:\/\/www.youtube.com\/@ACidadeONoficial\" target=\"_blank\" rel=\"noreferrer noopener nofollow\">Youtube<\/a><\/strong>.<\/p>\n<p><strong>LEIA TAMB\u00c9M<\/strong><\/p>\n<p><a href=\"https:\/\/www.acidadeon.com\/campinas\/economia\/cursos-gratuitos-de-qualificacao-profissional-oferecem-mais-de-27-mil-vagas-em-campinas\/\" rel=\"nofollow noopener\" target=\"_blank\"><strong>Cursos gratuitos de qualifica\u00e7\u00e3o profissional oferecem mais de 2,7 mil vagas em Campinas<\/strong><\/a><\/p>\n<p><a href=\"https:\/\/www.acidadeon.com\/campinas\/cotidiano\/unicamp-aprova-autarquizacao-da-saude-entenda-o-que-muda\/\" rel=\"nofollow noopener\" target=\"_blank\"><strong>Unicamp aprova autarquiza\u00e7\u00e3o da Sa\u00fade; entenda o que muda<\/strong><\/a><\/p>\n<p><script async src=\"\/\/www.instagram.com\/embed.js\"><\/script><\/p>\n","protected":false},"excerpt":{"rendered":"Muitas hist\u00f3rias s\u00e3o contadas de diferentes formas, seja em v\u00eddeo, na escrita ou na oralidade. Mas, hoje, com&hellip;\n","protected":false},"author":2,"featured_media":202961,"comment_status":"","ping_status":"","sticky":false,"template":"","format":"standard","meta":{"footnotes":""},"categories":[140],"tags":[40286,114,115,19447,147,471,148,146,32,33,40287],"class_list":{"0":"post-202960","1":"post","2":"type-post","3":"status-publish","4":"format-standard","5":"has-post-thumbnail","7":"category-filmes","8":"tag-emociona","9":"tag-entertainment","10":"tag-entretenimento","11":"tag-familiar","12":"tag-film","13":"tag-filme","14":"tag-filmes","15":"tag-movies","16":"tag-portugal","17":"tag-pt","18":"tag-viraliza"},"share_on_mastodon":{"url":"https:\/\/pubeurope.com\/@pt\/115785012934974242","error":""},"_links":{"self":[{"href":"https:\/\/www.europesays.com\/pt\/wp-json\/wp\/v2\/posts\/202960","targetHints":{"allow":["GET"]}}],"collection":[{"href":"https:\/\/www.europesays.com\/pt\/wp-json\/wp\/v2\/posts"}],"about":[{"href":"https:\/\/www.europesays.com\/pt\/wp-json\/wp\/v2\/types\/post"}],"author":[{"embeddable":true,"href":"https:\/\/www.europesays.com\/pt\/wp-json\/wp\/v2\/users\/2"}],"replies":[{"embeddable":true,"href":"https:\/\/www.europesays.com\/pt\/wp-json\/wp\/v2\/comments?post=202960"}],"version-history":[{"count":0,"href":"https:\/\/www.europesays.com\/pt\/wp-json\/wp\/v2\/posts\/202960\/revisions"}],"wp:featuredmedia":[{"embeddable":true,"href":"https:\/\/www.europesays.com\/pt\/wp-json\/wp\/v2\/media\/202961"}],"wp:attachment":[{"href":"https:\/\/www.europesays.com\/pt\/wp-json\/wp\/v2\/media?parent=202960"}],"wp:term":[{"taxonomy":"category","embeddable":true,"href":"https:\/\/www.europesays.com\/pt\/wp-json\/wp\/v2\/categories?post=202960"},{"taxonomy":"post_tag","embeddable":true,"href":"https:\/\/www.europesays.com\/pt\/wp-json\/wp\/v2\/tags?post=202960"}],"curies":[{"name":"wp","href":"https:\/\/api.w.org\/{rel}","templated":true}]}}