{"id":202978,"date":"2025-12-26T09:09:09","date_gmt":"2025-12-26T09:09:09","guid":{"rendered":"https:\/\/www.europesays.com\/pt\/202978\/"},"modified":"2025-12-26T09:09:09","modified_gmt":"2025-12-26T09:09:09","slug":"eua-anunciam-ataques-a-posicoes-do-daesh-na-nigeria-africa","status":"publish","type":"post","link":"https:\/\/www.europesays.com\/pt\/202978\/","title":{"rendered":"EUA anunciam ataques a posi\u00e7\u00f5es do Daesh na Nig\u00e9ria | \u00c1frica"},"content":{"rendered":"<p>O Presidente norte-americano, <a href=\"http:\/\/www.publico.pt\/donald-trump\" rel=\"nofollow noopener\" target=\"_blank\">Donald Trump<\/a>, afirmou na noite desta quinta-feira, 25 de Dezembro, que os Estados Unidos executaram um &#8220;poderoso e mort\u00edfero ataque&#8221; contra alvos do Daesh no &#8220;Noroeste da Nig\u00e9ria&#8221;, em resposta \u00e0 morte de &#8220;crist\u00e3os inocentes em n\u00edveis que j\u00e1 n\u00e3o eram vistos h\u00e1 muitos anos, ou talvez h\u00e1 s\u00e9culos&#8221;.<\/p>\n<p>&#8220;Eu tinha avisado estes terroristas que, se n\u00e3o cessassem a matan\u00e7a de crist\u00e3os, teriam de pagar, e assim aconteceu esta noite. O Departamento de Guerra executou numerosos ataques perfeitos, s\u00f3 como os Estados Unidos s\u00e3o capazes de o fazer. Sob a minha lideran\u00e7a, o nosso pa\u00eds n\u00e3o permitir\u00e1 que o terrorismo isl\u00e2mico radical prospere&#8221;, escreveu Trump na rede social Truth Social, utilizando a designa\u00e7\u00e3o oficiosa da sua administra\u00e7\u00e3o para o Departamento de Defesa, e concluindo com votos de &#8220;feliz Natal para todos, incluindo os terroristas mortos, que ser\u00e3o muito mais se a sua matan\u00e7a de crist\u00e3os continuar&#8221;.<\/p>\n<p>Inicialmente, o Comando Africano dos Estados Unidos (Africom) informou que o ataque foi lan\u00e7ado &#8220;a pedido das autoridades nigerianas&#8221;, na regi\u00e3o de Sokoto, no Noroeste do pa\u00eds, e matou &#8220;v\u00e1rios terroristas&#8221; do Daesh. Os bombardeamentos, acrescentou o Africom atrav\u00e9s da rede social X,  &#8220;demonstram a for\u00e7a das nossas tropas e o nosso compromisso em eliminar as amea\u00e7as terroristas contra os americanos no pa\u00eds e no estrangeiro&#8221;.<\/p>\n<p>Contudo, cerca de uma hora depois, a publica\u00e7\u00e3o foi apagada e foi divulgado um <a href=\"https:\/\/x.com\/USAfricaCommand\/status\/2004349831863849380\" target=\"_blank\" rel=\"nofollow\">novo esclarecimento no X<\/a>, este j\u00e1 sem qualquer refer\u00eancia a um &#8220;pedido&#8221; nigeriano, \u00e0 &#8220;demonstra\u00e7\u00e3o de for\u00e7a&#8221; norte-americana ou \u00e0s v\u00edtimas mortais. L\u00ea-se apenas: &#8220;Por ordem do Presidente dos EUA e do secret\u00e1rio de Guerra [designa\u00e7\u00e3o oficiosa], e em coordena\u00e7\u00e3o com as autoridades nigerianas, o Africom realizou ataques contra terroristas do ISIS [Daesh] na Nig\u00e9ria a 25 de Dezembro, no estado de Sokoto.&#8221;<\/p>\n<p>Um v\u00eddeo divulgado pelo Pent\u00e1gono na mesma rede social mostra apenas um proj\u00e9ctil a ser disparado de um navio de guerra, sem qualquer contexto adicional.<\/p>\n<p>O Minist\u00e9rio dos Neg\u00f3cios Estrangeiros da Nig\u00e9ria confirmou entretanto que os ataques a\u00e9reos fazem parte de um esfor\u00e7o de defesa conjunto com os Estados Unidos, que inclui a partilha de informa\u00e7\u00e3o militar, em resposta \u00e0 &#8220;amea\u00e7a persistente do terrorismo e extremismo violento&#8221;. &#8220;Quer seja dirigida a crist\u00e3os, mu\u00e7ulmanos ou outras comunidades, a viol\u00eancia terrorista \u00e9 sempre uma afronta aos valores nigerianos e \u00e0 paz e seguran\u00e7a internacionais.&#8221;<\/p>\n<p>A Administra\u00e7\u00e3o Trump tem sinalizado ao longo dos \u00faltimos meses o seu interesse no Norte da Nig\u00e9ria, onde se t\u00eam repetido epis\u00f3dios de <a href=\"https:\/\/www.publico.pt\/2025\/12\/21\/mundo\/noticia\/libertadas-varias-criancas-raptadas-ataque-escola-catolica-nigeria-2158913\" rel=\"nofollow noopener\" target=\"_blank\">raptos em massa de crian\u00e7as<\/a> e de atentados contra locais de culto, tanto crist\u00e3os como mu\u00e7ulmanos. V\u00e1rias figuras do Partido Republicano e do universo trumpista t\u00eam qualificado a crise como um &#8220;genoc\u00eddio&#8221; e acusado o governo nigeriano de n\u00e3o proteger a popula\u00e7\u00e3o crist\u00e3.<\/p>\n<p>A popula\u00e7\u00e3o do pa\u00eds divide-se entre mu\u00e7ulmanos, que vivem maioritariamente no Norte, e crist\u00e3os, no Sul.<\/p>\n<p>Em Novembro, Trump anunciou ter dado ordens ao Departamento de Defesa para preparar uma <a href=\"https:\/\/www.publico.pt\/2025\/11\/02\/mundo\/noticia\/venezuela-trump-ameaca-nigeria-accao-militar-atrocidades-horriveis-cristaos-2153080\" rel=\"nofollow noopener\" target=\"_blank\">eventual interven\u00e7\u00e3o na Nig\u00e9ria<\/a> em defesa da popula\u00e7\u00e3o crist\u00e3 e, nas \u00faltimas semanas, os EUA realizaram v\u00e1rias miss\u00f5es de reconhecimento e vigil\u00e2ncia no espa\u00e7o a\u00e9reo nigeriano.<\/p>\n<p>Bola Tinubu, o Presidente nigeriano, lamentou na altura as declara\u00e7\u00f5es de v\u00e1rios respons\u00e1veis norte-americanos, argumentando que estas n\u00e3o descrevem correctamente a situa\u00e7\u00e3o no terreno, e disponibilizando-se a colaborar com Washington para &#8220;proteger todas as comunidades&#8221;.<\/p>\n<p>Embora a viol\u00eancia contra crist\u00e3os nigerianos esteja documentada, como nos medi\u00e1ticos casos de raptos de crian\u00e7as dos \u00faltimos meses, t\u00eam sido predominantemente mu\u00e7ulmanas as v\u00edtimas do Boko Haram, o principal grupo terrorista com actividade na regi\u00e3o, que no passado chegou a estar aliado ao Daesh, mas que de quem \u00e9 actualmente um advers\u00e1rio. N\u00e3o \u00e9, tamb\u00e9m por isso, imediatamente claro o alvo exacto da ac\u00e7\u00e3o militar anunciada esta noite.<\/p>\n<p>Horas antes do ataque a\u00e9reo norte-americano, a pol\u00edcia nigeriana avan\u00e7ou que uma explos\u00e3o, investigada como um ataque terrorista, matou na quarta-feira cinco pessoas e feriu outras 35 numa mesquita no estado de Borno (Nordeste). Nenhum grupo reivindicou o ataque, mas Borno \u00e9 outra das regi\u00f5es que tem sido alvo da viol\u00eancia do Boko Haram na \u00faltima d\u00e9cada.<\/p>\n","protected":false},"excerpt":{"rendered":"O Presidente norte-americano, Donald Trump, afirmou na noite desta quinta-feira, 25 de Dezembro, que os Estados Unidos executaram&hellip;\n","protected":false},"author":2,"featured_media":202979,"comment_status":"","ping_status":"","sticky":false,"template":"","format":"standard","meta":{"footnotes":""},"categories":[50],"tags":[2713,34390,27,28,37947,92,15,16,14,25,26,21,22,62,12,6021,13,19,20,23,24,8270,17,18,29,30,31,63,64,65],"class_list":{"0":"post-202978","1":"post","2":"type-post","3":"status-publish","4":"format-standard","5":"has-post-thumbnail","7":"category-mundo","8":"tag-africa","9":"tag-boko-haram","10":"tag-breaking-news","11":"tag-breakingnews","12":"tag-daesh","13":"tag-donald-trump","14":"tag-featured-news","15":"tag-featurednews","16":"tag-headlines","17":"tag-latest-news","18":"tag-latestnews","19":"tag-main-news","20":"tag-mainnews","21":"tag-mundo","22":"tag-news","23":"tag-nigeria","24":"tag-noticias","25":"tag-noticias-principais","26":"tag-noticiasprincipais","27":"tag-principais-noticias","28":"tag-principaisnoticias","29":"tag-terrorismo","30":"tag-top-stories","31":"tag-topstories","32":"tag-ultimas","33":"tag-ultimas-noticias","34":"tag-ultimasnoticias","35":"tag-world","36":"tag-world-news","37":"tag-worldnews"},"share_on_mastodon":{"url":"https:\/\/pubeurope.com\/@pt\/115785089899110918","error":""},"_links":{"self":[{"href":"https:\/\/www.europesays.com\/pt\/wp-json\/wp\/v2\/posts\/202978","targetHints":{"allow":["GET"]}}],"collection":[{"href":"https:\/\/www.europesays.com\/pt\/wp-json\/wp\/v2\/posts"}],"about":[{"href":"https:\/\/www.europesays.com\/pt\/wp-json\/wp\/v2\/types\/post"}],"author":[{"embeddable":true,"href":"https:\/\/www.europesays.com\/pt\/wp-json\/wp\/v2\/users\/2"}],"replies":[{"embeddable":true,"href":"https:\/\/www.europesays.com\/pt\/wp-json\/wp\/v2\/comments?post=202978"}],"version-history":[{"count":0,"href":"https:\/\/www.europesays.com\/pt\/wp-json\/wp\/v2\/posts\/202978\/revisions"}],"wp:featuredmedia":[{"embeddable":true,"href":"https:\/\/www.europesays.com\/pt\/wp-json\/wp\/v2\/media\/202979"}],"wp:attachment":[{"href":"https:\/\/www.europesays.com\/pt\/wp-json\/wp\/v2\/media?parent=202978"}],"wp:term":[{"taxonomy":"category","embeddable":true,"href":"https:\/\/www.europesays.com\/pt\/wp-json\/wp\/v2\/categories?post=202978"},{"taxonomy":"post_tag","embeddable":true,"href":"https:\/\/www.europesays.com\/pt\/wp-json\/wp\/v2\/tags?post=202978"}],"curies":[{"name":"wp","href":"https:\/\/api.w.org\/{rel}","templated":true}]}}