{"id":203009,"date":"2025-12-26T09:38:12","date_gmt":"2025-12-26T09:38:12","guid":{"rendered":"https:\/\/www.europesays.com\/pt\/203009\/"},"modified":"2025-12-26T09:38:12","modified_gmt":"2025-12-26T09:38:12","slug":"familia-de-gnr-morto-por-narcolancha-recebe-apoio-de-217-mil-euros-em-tempo-recorde","status":"publish","type":"post","link":"https:\/\/www.europesays.com\/pt\/203009\/","title":{"rendered":"Fam\u00edlia de GNR morto por narcolancha recebe apoio de 217 mil euros em tempo recorde"},"content":{"rendered":"<p data-remotead-prev-elm=\"true\" data-remotead-elm-id=\"inread\">A vi\u00fava e os dois filhos do cabo da GNR Pedro Manata e Silva, que morreu, a 27 de outubro, no rio Guadiana, abalroado por uma lancha de alta velocidade, supostamente ligada ao tr\u00e1fico de droga, v\u00e3o receber uma compensa\u00e7\u00e3o especial por morte de 217 500 euros. O montante foi concedido a 10 de dezembro pela ministra da Administra\u00e7\u00e3o Interna, Maria L\u00facia Amaral, depois de, no dia 2 deste m\u00eas, o comandante-geral da GNR, tenente-general Rui Veloso, ter homologado o relat\u00f3rio do inqu\u00e9rito que correu termos na Guarda para apurar se os herdeiros teriam direito \u00e0 indemniza\u00e7\u00e3o.<\/p>\n","protected":false},"excerpt":{"rendered":"A vi\u00fava e os dois filhos do cabo da GNR Pedro Manata e Silva, que morreu, a 27&hellip;\n","protected":false},"author":2,"featured_media":203010,"comment_status":"","ping_status":"","sticky":false,"template":"","format":"standard","meta":{"footnotes":""},"categories":[10],"tags":[27,28,15,16,2002,29128,14,603,25,26,21,22,5611,12,13,19,20,40293,32,23,24,33,17,18,29,30,31],"class_list":{"0":"post-203009","1":"post","2":"type-post","3":"status-publish","4":"format-standard","5":"has-post-thumbnail","7":"category-portugal","8":"tag-breaking-news","9":"tag-breakingnews","10":"tag-featured-news","11":"tag-featurednews","12":"tag-gnr","13":"tag-guarda-nacional-republicana","14":"tag-headlines","15":"tag-justica","16":"tag-latest-news","17":"tag-latestnews","18":"tag-main-news","19":"tag-mainnews","20":"tag-maria-lucia-amaral","21":"tag-news","22":"tag-noticias","23":"tag-noticias-principais","24":"tag-noticiasprincipais","25":"tag-pedro-manata-e-silva","26":"tag-portugal","27":"tag-principais-noticias","28":"tag-principaisnoticias","29":"tag-pt","30":"tag-top-stories","31":"tag-topstories","32":"tag-ultimas","33":"tag-ultimas-noticias","34":"tag-ultimasnoticias"},"share_on_mastodon":{"url":"https:\/\/pubeurope.com\/@pt\/115785203992919623","error":""},"_links":{"self":[{"href":"https:\/\/www.europesays.com\/pt\/wp-json\/wp\/v2\/posts\/203009","targetHints":{"allow":["GET"]}}],"collection":[{"href":"https:\/\/www.europesays.com\/pt\/wp-json\/wp\/v2\/posts"}],"about":[{"href":"https:\/\/www.europesays.com\/pt\/wp-json\/wp\/v2\/types\/post"}],"author":[{"embeddable":true,"href":"https:\/\/www.europesays.com\/pt\/wp-json\/wp\/v2\/users\/2"}],"replies":[{"embeddable":true,"href":"https:\/\/www.europesays.com\/pt\/wp-json\/wp\/v2\/comments?post=203009"}],"version-history":[{"count":0,"href":"https:\/\/www.europesays.com\/pt\/wp-json\/wp\/v2\/posts\/203009\/revisions"}],"wp:featuredmedia":[{"embeddable":true,"href":"https:\/\/www.europesays.com\/pt\/wp-json\/wp\/v2\/media\/203010"}],"wp:attachment":[{"href":"https:\/\/www.europesays.com\/pt\/wp-json\/wp\/v2\/media?parent=203009"}],"wp:term":[{"taxonomy":"category","embeddable":true,"href":"https:\/\/www.europesays.com\/pt\/wp-json\/wp\/v2\/categories?post=203009"},{"taxonomy":"post_tag","embeddable":true,"href":"https:\/\/www.europesays.com\/pt\/wp-json\/wp\/v2\/tags?post=203009"}],"curies":[{"name":"wp","href":"https:\/\/api.w.org\/{rel}","templated":true}]}}