{"id":203011,"date":"2025-12-26T09:39:21","date_gmt":"2025-12-26T09:39:21","guid":{"rendered":"https:\/\/www.europesays.com\/pt\/203011\/"},"modified":"2025-12-26T09:39:21","modified_gmt":"2025-12-26T09:39:21","slug":"ps-critica-mensagem-de-autoajuda-de-montenegro-que-nao-falou-em-saude-e-habitacao","status":"publish","type":"post","link":"https:\/\/www.europesays.com\/pt\/203011\/","title":{"rendered":"PS critica mensagem &#8220;de autoajuda&#8221; de Montenegro que n\u00e3o falou em sa\u00fade e habita\u00e7\u00e3o"},"content":{"rendered":"<p data-remotead-prev-elm=\"true\" data-remotead-elm-id=\"inread\">Numa declara\u00e7\u00e3o na sede nacional do PS, em Lisboa, a dirigente socialista In\u00eas de Medeiros criticou &#8220;a atitude&#8221; com que Lu\u00eds Montenegro fez a sua mensagem de Natal, ironizando que o primeiro-ministro &#8220;agora decidiu ser uma esp\u00e9cie de mentor de autoajuda com discursos motivacionais&#8221;. &#8220;N\u00e3o foi para isso que ele foi eleito. Ele foi eleito para decidir, governar e criar estrat\u00e9gias a curto, m\u00e9dio e longo prazo para resolver os problemas que efetivamente afetam os portugueses e para acalmar aquelas que s\u00e3o muitas vezes as nossas ang\u00fastias coletivas com o futuro&#8221;, afirmou.<\/p>\n<p>In\u00eas de Medeiros, tamb\u00e9m presidente da C\u00e2mara Municipal de Almada, defendeu que &#8220;n\u00e3o basta proclamar grandes chav\u00f5es de motiva\u00e7\u00e3o&#8221;, mas importa sim &#8220;saber criar riqueza, saber decidir e, sobretudo, importa ser claro que se pretende&#8221; para Portugal. &#8220;Falta, por isso, a capacidade reformista que se apregoa e n\u00e3o se revela&#8221;, defendeu.<\/p>\n<p>A dirigente do PS lamentou que a sa\u00fade tenha ficado &#8220;estranhamente ausente&#8221; do discurso do primeiro-ministro, frisando que Lu\u00eds Montenegro prometeu que teria, em 60 dias, &#8220;uma reforma substancial&#8221; no setor, mas &#8220;mais de 600 dias depois&#8221;, ainda n\u00e3o se sabe &#8220;qual a estrat\u00e9gia e vis\u00e3o [do Governo] para o SNS&#8221;. &#8220;Outra aus\u00eancia grande foi o tema da habita\u00e7\u00e3o e, em contrapartida, temos assistido a medidas injustas e ineficazes que, na realidade, o que fazem \u00e9 continuar a promover a especula\u00e7\u00e3o imobili\u00e1ria, beneficiar aqueles que mais t\u00eam e prejudicar os que menos t\u00eam, nomeadamente os jovens&#8221;, criticou, considerando a habita\u00e7\u00e3o \u00e9 precisamente um dos setores que contraria a tese do primeiro-ministro de que, se o pa\u00eds n\u00e3o melhora, \u00e9 porque &#8220;os portugueses n\u00e3o est\u00e3o suficientemente motivado&#8221;. &#8220;N\u00e3o, os portugueses est\u00e3o sempre motivados, quem parece n\u00e3o estar suficientemente motivado para resolver o problema da habita\u00e7\u00e3o \u00e9 mesmo o Governo&#8221;, criticou.<\/p>\n<p data-remotead-prev-elm=\"true\" data-remotead-elm-id=\"centro1\">A dirigente do PS criticou ainda o primeiro-ministro por n\u00e3o ter dito &#8220;nem uma palavra em rela\u00e7\u00e3o aos jovens&#8221;, acusando o executivo, de &#8220;perante a sangria [para o estrangeiro] da gera\u00e7\u00e3o mais qualificada de sempre&#8221;, em vez de &#8220;ter medidas para atrair jovens&#8221;, apresenta um pacote laboral que &#8220;tem como resultado \u00f3bvio aumentar a precariedade&#8221;.<\/p>\n<p>Por sua vez, a porta-voz do PAN, In\u00eas Sousa Real, em declara\u00e7\u00f5es nas televis\u00f5es, considerou que Lu\u00eds Montenegro &#8220;deixou de fora a verdadeira realidade do pa\u00eds&#8221; na sua mensagem de Natal, defendendo que, em vez de falar nas expectativas que tem em rela\u00e7\u00e3o aos portugueses, deveria ter em considera\u00e7\u00e3o &#8220;o esfor\u00e7o de todas as fam\u00edlias para superar as dificuldades econ\u00f3micas que t\u00eam diariamente&#8221;.<\/p>\n<p>O primeiro-ministro defendeu que Portugal vive um momento de viragem em que tem de trocar a &#8220;mentalidade do deixa andar&#8221; pela da supera\u00e7\u00e3o, apontando o futebolista Cristiano Ronaldo como exemplo do esp\u00edrito de afirma\u00e7\u00e3o pela excel\u00eancia.<\/p>\n<p>Na sua segunda mensagem de Natal enquanto chefe do executivo PSD\/CDS-PP, Lu\u00eds Montenegro manifestou a convic\u00e7\u00e3o de que n\u00e3o haver\u00e1 legislativas antecipadas at\u00e9 2029 e apelou a que, at\u00e9 ao final da legislatura, todos se concentrem no interesse do pa\u00eds.<\/p>\n","protected":false},"excerpt":{"rendered":"Numa declara\u00e7\u00e3o na sede nacional do PS, em Lisboa, a dirigente socialista In\u00eas de Medeiros criticou &#8220;a atitude&#8221;&hellip;\n","protected":false},"author":2,"featured_media":203012,"comment_status":"","ping_status":"","sticky":false,"template":"","format":"standard","meta":{"footnotes":""},"categories":[8],"tags":[27,28,15,16,14,25,26,1447,21,22,619,7561,12,13,19,20,452,32,23,24,455,33,17,18,29,30,31],"class_list":{"0":"post-203011","1":"post","2":"type-post","3":"status-publish","4":"format-standard","5":"has-post-thumbnail","7":"category-principais-noticias","8":"tag-breaking-news","9":"tag-breakingnews","10":"tag-featured-news","11":"tag-featurednews","12":"tag-headlines","13":"tag-latest-news","14":"tag-latestnews","15":"tag-luis-montenegro","16":"tag-main-news","17":"tag-mainnews","18":"tag-nacional","19":"tag-natal","20":"tag-news","21":"tag-noticias","22":"tag-noticias-principais","23":"tag-noticiasprincipais","24":"tag-pan","25":"tag-portugal","26":"tag-principais-noticias","27":"tag-principaisnoticias","28":"tag-ps","29":"tag-pt","30":"tag-top-stories","31":"tag-topstories","32":"tag-ultimas","33":"tag-ultimas-noticias","34":"tag-ultimasnoticias"},"share_on_mastodon":{"url":"https:\/\/pubeurope.com\/@pt\/115785207936634262","error":""},"_links":{"self":[{"href":"https:\/\/www.europesays.com\/pt\/wp-json\/wp\/v2\/posts\/203011","targetHints":{"allow":["GET"]}}],"collection":[{"href":"https:\/\/www.europesays.com\/pt\/wp-json\/wp\/v2\/posts"}],"about":[{"href":"https:\/\/www.europesays.com\/pt\/wp-json\/wp\/v2\/types\/post"}],"author":[{"embeddable":true,"href":"https:\/\/www.europesays.com\/pt\/wp-json\/wp\/v2\/users\/2"}],"replies":[{"embeddable":true,"href":"https:\/\/www.europesays.com\/pt\/wp-json\/wp\/v2\/comments?post=203011"}],"version-history":[{"count":0,"href":"https:\/\/www.europesays.com\/pt\/wp-json\/wp\/v2\/posts\/203011\/revisions"}],"wp:featuredmedia":[{"embeddable":true,"href":"https:\/\/www.europesays.com\/pt\/wp-json\/wp\/v2\/media\/203012"}],"wp:attachment":[{"href":"https:\/\/www.europesays.com\/pt\/wp-json\/wp\/v2\/media?parent=203011"}],"wp:term":[{"taxonomy":"category","embeddable":true,"href":"https:\/\/www.europesays.com\/pt\/wp-json\/wp\/v2\/categories?post=203011"},{"taxonomy":"post_tag","embeddable":true,"href":"https:\/\/www.europesays.com\/pt\/wp-json\/wp\/v2\/tags?post=203011"}],"curies":[{"name":"wp","href":"https:\/\/api.w.org\/{rel}","templated":true}]}}