{"id":203027,"date":"2025-12-26T09:58:12","date_gmt":"2025-12-26T09:58:12","guid":{"rendered":"https:\/\/www.europesays.com\/pt\/203027\/"},"modified":"2025-12-26T09:58:12","modified_gmt":"2025-12-26T09:58:12","slug":"vem-ai-em-terra-forte-filhos-confrontam-marcus-com-provas-do-caso-com-gloria-e-ameacam-no-novelas","status":"publish","type":"post","link":"https:\/\/www.europesays.com\/pt\/203027\/","title":{"rendered":"Vem a\u00ed em \u00abTerra Forte\u00bb: Filhos confrontam Marcus com provas do caso com Gl\u00f3ria e amea\u00e7am-no &#8211; Novelas"},"content":{"rendered":"<p>Em \u00abTerra Forte\u00bb, <a href=\"https:\/\/tvi.iol.pt\/novelas\/videos\/terra-forte-marcus-tem-um-novo-plano-para-destruir-maria-de-fatima-e-a-acoreana\/68fa5c1f0cf29d28d8298112\" rel=\"nofollow noopener\" target=\"_blank\">Marcus (Vitor Hugo)<\/a>\u00a0chega a casa. Todos o olham fulos. Marcus nega aos filhos andar com <a href=\"https:\/\/tvi.iol.pt\/novelas\/videos\/terra-forte-maria-de-fatima-ameaca-gloria\/68fa5c280cf29d28d8298113\" rel=\"nofollow noopener\" target=\"_blank\">Gl\u00f3ria (Maria Jo\u00e3o Pinho)<\/a>, estacando gelado quando eles lhes mostram os pap\u00e9is com as mensagens que eles trocam h\u00e1 muitos anos.<\/p>\n<p>Marcus discute furioso com , Eva (Josefine Winkler), <a href=\"https:\/\/tvi.iol.pt\/novelas\/videos\/terra-forte-dani-descobre-a-verdadeira-identidade-de-vini\/693430280cf2559133762489\" rel=\"nofollow noopener\" target=\"_blank\">Vini (Gustavo Alves) <\/a>e <a href=\"https:\/\/tvi.iol.pt\/novelas\/videos\/terra-forte-babi-envolve-se-com-o-maior-inimigo-do-pai\/6913709f0cf2559133760eec\" rel=\"nofollow noopener\" target=\"_blank\">Babi (Melissa Matos)<\/a>\u00a0a dizer que eles n\u00e3o t\u00eam o direito de se meter na sua vida privada. Babi diz em f\u00faria descontrolada a Marcus que vai fazer tudo para que ele n\u00e3o receba um tost\u00e3o do dinheiro de Vivi pelo que fez \u00e0 m\u00e3e. Sai disparada com Eva atr\u00e1s dela. Vini segura Marcus para que ele n\u00e3o bata em Babi.<\/p>\n","protected":false},"excerpt":{"rendered":"Em \u00abTerra Forte\u00bb, Marcus (Vitor Hugo)\u00a0chega a casa. Todos o olham fulos. Marcus nega aos filhos andar com&hellip;\n","protected":false},"author":2,"featured_media":203028,"comment_status":"","ping_status":"","sticky":false,"template":"","format":"standard","meta":{"footnotes":""},"categories":[142],"tags":[160,32102,166,114,115,722,157,167,29764,164,35938,29765,32101,161,158,165,159,32,33,156,18614,163,151,162,23558,6094],"class_list":{"0":"post-203027","1":"post","2":"type-post","3":"status-publish","4":"format-standard","5":"has-post-thumbnail","7":"category-tv","8":"tag-ana-guiomar","9":"tag-babi","10":"tag-cristina-ferreira","11":"tag-entertainment","12":"tag-entretenimento","13":"tag-eva","14":"tag-festa-e-festa","15":"tag-ficcao","16":"tag-gustavo-alves","17":"tag-jose-fidalgo","18":"tag-josefine-winkler","19":"tag-marcus","20":"tag-melissa-matos","21":"tag-novelas","22":"tag-para-sempre","23":"tag-pedro-sousa","24":"tag-pedro-teixeira","25":"tag-portugal","26":"tag-pt","27":"tag-queridos-papas","28":"tag-terra-forte","29":"tag-tiago-teotonio-pereira","30":"tag-tv","31":"tag-tvi","32":"tag-vini","33":"tag-vitor-hugo"},"share_on_mastodon":{"url":"https:\/\/pubeurope.com\/@pt\/115785282513024607","error":""},"_links":{"self":[{"href":"https:\/\/www.europesays.com\/pt\/wp-json\/wp\/v2\/posts\/203027","targetHints":{"allow":["GET"]}}],"collection":[{"href":"https:\/\/www.europesays.com\/pt\/wp-json\/wp\/v2\/posts"}],"about":[{"href":"https:\/\/www.europesays.com\/pt\/wp-json\/wp\/v2\/types\/post"}],"author":[{"embeddable":true,"href":"https:\/\/www.europesays.com\/pt\/wp-json\/wp\/v2\/users\/2"}],"replies":[{"embeddable":true,"href":"https:\/\/www.europesays.com\/pt\/wp-json\/wp\/v2\/comments?post=203027"}],"version-history":[{"count":0,"href":"https:\/\/www.europesays.com\/pt\/wp-json\/wp\/v2\/posts\/203027\/revisions"}],"wp:featuredmedia":[{"embeddable":true,"href":"https:\/\/www.europesays.com\/pt\/wp-json\/wp\/v2\/media\/203028"}],"wp:attachment":[{"href":"https:\/\/www.europesays.com\/pt\/wp-json\/wp\/v2\/media?parent=203027"}],"wp:term":[{"taxonomy":"category","embeddable":true,"href":"https:\/\/www.europesays.com\/pt\/wp-json\/wp\/v2\/categories?post=203027"},{"taxonomy":"post_tag","embeddable":true,"href":"https:\/\/www.europesays.com\/pt\/wp-json\/wp\/v2\/tags?post=203027"}],"curies":[{"name":"wp","href":"https:\/\/api.w.org\/{rel}","templated":true}]}}