{"id":203059,"date":"2025-12-26T10:31:35","date_gmt":"2025-12-26T10:31:35","guid":{"rendered":"https:\/\/www.europesays.com\/pt\/203059\/"},"modified":"2025-12-26T10:31:35","modified_gmt":"2025-12-26T10:31:35","slug":"mariah-carey-ja-tinha-vencido-processo-de-plagio-agora-recebeu-92-mil-dolares-celebridades","status":"publish","type":"post","link":"https:\/\/www.europesays.com\/pt\/203059\/","title":{"rendered":"Mariah Carey j\u00e1 tinha vencido processo de pl\u00e1gio. Agora, recebeu 92 mil d\u00f3lares | Celebridades"},"content":{"rendered":"<p>Mariah Carey recebeu recentemente mais de 92 mil d\u00f3lares (perto de 80 mil euros) para cobrir as suas despesas legais num caso de pl\u00e1gio, que foi arquivado em Mar\u00e7o, noticiou a <a href=\"https:\/\/rollingstone.com.br\/musica\/mariah-carey-recebe-us-92-000-apos-processo-rejeitado-de-all-i-want-for-christmas\/\" target=\"_blank\" rel=\"nofollow noopener\">Rolling Stone<\/a>. E, assim, um dos maiores sucessos, que ainda h\u00e1 algumas semanas regressou ao primeiro lugar do <a href=\"https:\/\/www.billboard.com\/charts\/hot-100\/\" target=\"_blank\" rel=\"nofollow noopener\">Billboard Hot 100<\/a>, 31 anos depois do seu lan\u00e7amento, continua a enriquecer a cantora norte-americana.<\/p>\n<p>O caso remonta ao final de 2022, quando <a href=\"https:\/\/www.publico.pt\/2022\/06\/04\/culturaipsilon\/noticia\/ano-natal-mariah-carey-vem-processo-legal-2008941\" rel=\"nofollow noopener\" target=\"_blank\">Andy Stone decidiu processar Carey<\/a>, o produtor Walter Afanasieff e a Sony, alegando ter gravado, em 1989, em Nashville, no Tennessee, uma can\u00e7\u00e3o chamada All I want for christmas is you com a sua banda, Vince Vance &amp; The Valiants, e de o seu trabalho ter sido usado sem permiss\u00e3o. A can\u00e7\u00e3o country chegou, durante seis anos a partir de 1993, aos tops da Billboard do g\u00e9nero.<\/p>\n<p>Em 1994, Mariah Carey e Walter Afanasieff co-escreveram uma can\u00e7\u00e3o com o mesmo nome, um <a href=\"https:\/\/www.publico.pt\/2019\/12\/17\/impar\/noticia\/all-i-want-christmas-is-you-tema-mariah-carey-numero-1-eua-1897650\" rel=\"nofollow noopener\" target=\"_blank\">\u00eaxito de Natal \u00e0 escala mundial<\/a> e um dos singles mais vendidos de sempre que ainda hoje \u00e9 ouvido sempre que a quadra se aproxima. Em comum, as duas can\u00e7\u00f5es t\u00eam apenas o t\u00edtulo e a \u00e9poca natal\u00edcia. E foi isso que uma ju\u00edza considerou em Mar\u00e7o deste ano.<\/p>\n<p>        &#13;<br \/>\n            &#13;<br \/>\n&#13;<br \/>\n&#13;<br \/>\n            &#13;<br \/>\n&#13;<\/p>\n","protected":false},"excerpt":{"rendered":"Mariah Carey recebeu recentemente mais de 92 mil d\u00f3lares (perto de 80 mil euros) para cobrir as suas&hellip;\n","protected":false},"author":2,"featured_media":203060,"comment_status":"","ping_status":"","sticky":false,"template":"","format":"standard","meta":{"footnotes":""},"categories":[85],"tags":[211,17717,114,115,708,150,7561,712,32,33],"class_list":{"0":"post-203059","1":"post","2":"type-post","3":"status-publish","4":"format-standard","5":"has-post-thumbnail","7":"category-entretenimento","8":"tag-celebridades","9":"tag-direitos-de-autor","10":"tag-entertainment","11":"tag-entretenimento","12":"tag-impar","13":"tag-musica","14":"tag-natal","15":"tag-pessoas","16":"tag-portugal","17":"tag-pt"},"share_on_mastodon":{"url":"https:\/\/pubeurope.com\/@pt\/115785412406286183","error":""},"_links":{"self":[{"href":"https:\/\/www.europesays.com\/pt\/wp-json\/wp\/v2\/posts\/203059","targetHints":{"allow":["GET"]}}],"collection":[{"href":"https:\/\/www.europesays.com\/pt\/wp-json\/wp\/v2\/posts"}],"about":[{"href":"https:\/\/www.europesays.com\/pt\/wp-json\/wp\/v2\/types\/post"}],"author":[{"embeddable":true,"href":"https:\/\/www.europesays.com\/pt\/wp-json\/wp\/v2\/users\/2"}],"replies":[{"embeddable":true,"href":"https:\/\/www.europesays.com\/pt\/wp-json\/wp\/v2\/comments?post=203059"}],"version-history":[{"count":0,"href":"https:\/\/www.europesays.com\/pt\/wp-json\/wp\/v2\/posts\/203059\/revisions"}],"wp:featuredmedia":[{"embeddable":true,"href":"https:\/\/www.europesays.com\/pt\/wp-json\/wp\/v2\/media\/203060"}],"wp:attachment":[{"href":"https:\/\/www.europesays.com\/pt\/wp-json\/wp\/v2\/media?parent=203059"}],"wp:term":[{"taxonomy":"category","embeddable":true,"href":"https:\/\/www.europesays.com\/pt\/wp-json\/wp\/v2\/categories?post=203059"},{"taxonomy":"post_tag","embeddable":true,"href":"https:\/\/www.europesays.com\/pt\/wp-json\/wp\/v2\/tags?post=203059"}],"curies":[{"name":"wp","href":"https:\/\/api.w.org\/{rel}","templated":true}]}}