{"id":203070,"date":"2025-12-26T10:43:08","date_gmt":"2025-12-26T10:43:08","guid":{"rendered":"https:\/\/www.europesays.com\/pt\/203070\/"},"modified":"2025-12-26T10:43:08","modified_gmt":"2025-12-26T10:43:08","slug":"vem-ai-em-terra-forte-maria-de-fatima-perde-o-controlo-ao-ver-flor-ser-homenageada-como-morta-novelas","status":"publish","type":"post","link":"https:\/\/www.europesays.com\/pt\/203070\/","title":{"rendered":"Vem a\u00ed em \u00abTerra Forte\u00bb: Maria de F\u00e1tima perde o controlo ao ver Flor ser homenageada como morta &#8211; Novelas"},"content":{"rendered":"<p>Em \u00abTerra Forte\u00bb, <a href=\"https:\/\/tvi.iol.pt\/novelas\/videos\/terra-forte-maria-de-fatima-e-manuel-tinham-um-caso\/68f65cdc0cf29d28d82976cb\" rel=\"nofollow noopener\" target=\"_blank\">Maria de F\u00e1tima (Rita Pereira)<\/a> fica em choque por Moreira ter tomado a iniciativa de fazer um quadro com a fotografia de <a href=\"https:\/\/tvi.iol.pt\/novelas\/videos\/terra-forte-no-dia-do-seu-aniversario-flor-recebe-uma-visita-inesperada\/68f65c7a0cf29d28d82976c8\" rel=\"nofollow noopener\" target=\"_blank\">Flor (Benedita Pereira)<\/a>\u00a0para p\u00f4r no mural que tem as fotografias de <a href=\"https:\/\/tvi.iol.pt\/novelas\/videos\/terra-forte-manuel-tira-toda-a-fortuna-alvaro\/68f61d3d0cf285ab53a6aafc\" rel=\"nofollow noopener\" target=\"_blank\">Manuel (Ant\u00f3nio Capelo)<\/a>\u00a0e <a href=\"https:\/\/tvi.iol.pt\/novelas\/videos\/maria-de-fatima-toma-decisao-sobre-vivi-esta-demitida\/68f8e7750cf285ab53a6b259\" rel=\"nofollow noopener\" target=\"_blank\">Vivi (Sofia Nicholson)<\/a>, perguntando-lhe de imediato se mais algu\u00e9m sabe daquilo. Moreira nega atrapalhado.<\/p>\n<p>Maria de F\u00e1tima diz furiosa a Moreira que ele n\u00e3o tem no\u00e7\u00e3o do problema que lhe acabou de causar. Marilene v\u00ea o quadro e d\u00e1 os p\u00easames a Maria de F\u00e1tima pela morte de Flor, deixando-a ainda mais irritada. Maria de F\u00e1tima corre atr\u00e1s de Moreira com o quadro na m\u00e3o a tentar acertar-lhe. Maria de F\u00e1tima pensa em Sammy a olhar para o quadro de Flor, furiosa por saber que o marido continua apaixonado por ela. Come\u00e7a a destruir o quadro com viol\u00eancia.<\/p>\n<p>De recordar que Maria de F\u00e1tima estava disposta em tornar-se uma pessoa melhor:<\/p>\n","protected":false},"excerpt":{"rendered":"Em \u00abTerra Forte\u00bb, Maria de F\u00e1tima (Rita Pereira) fica em choque por Moreira ter tomado a iniciativa de&hellip;\n","protected":false},"author":2,"featured_media":203071,"comment_status":"","ping_status":"","sticky":false,"template":"","format":"standard","meta":{"footnotes":""},"categories":[142],"tags":[160,166,114,115,157,167,164,8598,161,158,165,159,32,33,156,5871,18614,163,151,162],"class_list":{"0":"post-203070","1":"post","2":"type-post","3":"status-publish","4":"format-standard","5":"has-post-thumbnail","7":"category-tv","8":"tag-ana-guiomar","9":"tag-cristina-ferreira","10":"tag-entertainment","11":"tag-entretenimento","12":"tag-festa-e-festa","13":"tag-ficcao","14":"tag-jose-fidalgo","15":"tag-maria-de-fatima","16":"tag-novelas","17":"tag-para-sempre","18":"tag-pedro-sousa","19":"tag-pedro-teixeira","20":"tag-portugal","21":"tag-pt","22":"tag-queridos-papas","23":"tag-rita-pereira","24":"tag-terra-forte","25":"tag-tiago-teotonio-pereira","26":"tag-tv","27":"tag-tvi"},"share_on_mastodon":{"url":"https:\/\/pubeurope.com\/@pt\/115785459529495857","error":""},"_links":{"self":[{"href":"https:\/\/www.europesays.com\/pt\/wp-json\/wp\/v2\/posts\/203070","targetHints":{"allow":["GET"]}}],"collection":[{"href":"https:\/\/www.europesays.com\/pt\/wp-json\/wp\/v2\/posts"}],"about":[{"href":"https:\/\/www.europesays.com\/pt\/wp-json\/wp\/v2\/types\/post"}],"author":[{"embeddable":true,"href":"https:\/\/www.europesays.com\/pt\/wp-json\/wp\/v2\/users\/2"}],"replies":[{"embeddable":true,"href":"https:\/\/www.europesays.com\/pt\/wp-json\/wp\/v2\/comments?post=203070"}],"version-history":[{"count":0,"href":"https:\/\/www.europesays.com\/pt\/wp-json\/wp\/v2\/posts\/203070\/revisions"}],"wp:featuredmedia":[{"embeddable":true,"href":"https:\/\/www.europesays.com\/pt\/wp-json\/wp\/v2\/media\/203071"}],"wp:attachment":[{"href":"https:\/\/www.europesays.com\/pt\/wp-json\/wp\/v2\/media?parent=203070"}],"wp:term":[{"taxonomy":"category","embeddable":true,"href":"https:\/\/www.europesays.com\/pt\/wp-json\/wp\/v2\/categories?post=203070"},{"taxonomy":"post_tag","embeddable":true,"href":"https:\/\/www.europesays.com\/pt\/wp-json\/wp\/v2\/tags?post=203070"}],"curies":[{"name":"wp","href":"https:\/\/api.w.org\/{rel}","templated":true}]}}