{"id":203109,"date":"2025-12-26T11:28:17","date_gmt":"2025-12-26T11:28:17","guid":{"rendered":"https:\/\/www.europesays.com\/pt\/203109\/"},"modified":"2025-12-26T11:28:17","modified_gmt":"2025-12-26T11:28:17","slug":"pousada-que-virginia-e-vini-jr-escolheram-para-o-natal-tem-praia-exclusiva-de-1-km-e-diarias-de-r-15-mil","status":"publish","type":"post","link":"https:\/\/www.europesays.com\/pt\/203109\/","title":{"rendered":"Pousada que Virginia e Vini jr escolheram para o Natal tem praia exclusiva de 1 km e di\u00e1rias de R$ 15 mil"},"content":{"rendered":"\n<p class=\" content-text__container \" data-track-category=\"Link no Texto\" data-track-links=\"\"> Ap\u00f3s treinar na academia do local, Freire, amiga insepar\u00e1vel de Virginia, compartilhou a foto de um copo verde com o r\u00f3tulo do hotel. Ao longo desta quarta-feira (25), Virginia tamb\u00e9m tem documentado seu check-in, com v\u00eddeos de dan\u00e7a na piscina e comida farta no restaurante do hotel. Antes disso, ela e Vini Jr postaram fotos da janela de um avi\u00e3o, com a vista para o oceano. <\/p>\n<p class=\" content-text__container \" data-track-category=\"Link no Texto\" data-track-links=\"\"> Com vista para ao mar e 1 km de extens\u00e3o de praia, a reserva Jacum\u00e3 conta com 15 acomoda\u00e7\u00f5es exclusivas, sendo 12 bangal\u00f4s e 3 villas. <\/p>\n<p class=\" content-text__container \" data-track-category=\"Link no Texto\" data-track-links=\"\"> Em per\u00edodos de alta temporada, a di\u00e1ria das acomoda\u00e7\u00f5es mais luxuosas pode ultrapassar R$ 15 mil. Entre os atrativos est\u00e3o piscinas privativas, quadra de t\u00eanis, sauna, restaurante e heliponto homologado para pouso diurno e noturno. <\/p>\n","protected":false},"excerpt":{"rendered":"Ap\u00f3s treinar na academia do local, Freire, amiga insepar\u00e1vel de Virginia, compartilhou a foto de um copo verde&hellip;\n","protected":false},"author":2,"featured_media":203110,"comment_status":"","ping_status":"","sticky":false,"template":"","format":"standard","meta":{"footnotes":""},"categories":[145],"tags":[815,211,210,114,115,3128,6718,3127,32,33,3126,1446],"class_list":{"0":"post-203109","1":"post","2":"type-post","3":"status-publish","4":"format-standard","5":"has-post-thumbnail","7":"category-celebridades","8":"tag-bahia","9":"tag-celebridades","10":"tag-celebrities","11":"tag-entertainment","12":"tag-entretenimento","13":"tag-jogador-da-selecao-brasileira-e-do-real-madrid-da-espanha","14":"tag-nordeste","15":"tag-noticias-sobre-vini-jr","16":"tag-portugal","17":"tag-pt","18":"tag-vini-jr","19":"tag-virginia-fonseca"},"share_on_mastodon":{"url":"https:\/\/pubeurope.com\/@pt\/115785636437857202","error":""},"_links":{"self":[{"href":"https:\/\/www.europesays.com\/pt\/wp-json\/wp\/v2\/posts\/203109","targetHints":{"allow":["GET"]}}],"collection":[{"href":"https:\/\/www.europesays.com\/pt\/wp-json\/wp\/v2\/posts"}],"about":[{"href":"https:\/\/www.europesays.com\/pt\/wp-json\/wp\/v2\/types\/post"}],"author":[{"embeddable":true,"href":"https:\/\/www.europesays.com\/pt\/wp-json\/wp\/v2\/users\/2"}],"replies":[{"embeddable":true,"href":"https:\/\/www.europesays.com\/pt\/wp-json\/wp\/v2\/comments?post=203109"}],"version-history":[{"count":0,"href":"https:\/\/www.europesays.com\/pt\/wp-json\/wp\/v2\/posts\/203109\/revisions"}],"wp:featuredmedia":[{"embeddable":true,"href":"https:\/\/www.europesays.com\/pt\/wp-json\/wp\/v2\/media\/203110"}],"wp:attachment":[{"href":"https:\/\/www.europesays.com\/pt\/wp-json\/wp\/v2\/media?parent=203109"}],"wp:term":[{"taxonomy":"category","embeddable":true,"href":"https:\/\/www.europesays.com\/pt\/wp-json\/wp\/v2\/categories?post=203109"},{"taxonomy":"post_tag","embeddable":true,"href":"https:\/\/www.europesays.com\/pt\/wp-json\/wp\/v2\/tags?post=203109"}],"curies":[{"name":"wp","href":"https:\/\/api.w.org\/{rel}","templated":true}]}}