{"id":203125,"date":"2025-12-26T11:43:10","date_gmt":"2025-12-26T11:43:10","guid":{"rendered":"https:\/\/www.europesays.com\/pt\/203125\/"},"modified":"2025-12-26T11:43:10","modified_gmt":"2025-12-26T11:43:10","slug":"falece-o-fotografo-ivan-luiz-pereira-em-colatina","status":"publish","type":"post","link":"https:\/\/www.europesays.com\/pt\/203125\/","title":{"rendered":"Falece o fot\u00f3grafo Ivan Luiz Pereira em Colatina"},"content":{"rendered":"<p data-path-to-node=\"6\">A cidade de Colatina amanheceu com a triste not\u00edcia do falecimento de <b data-path-to-node=\"6\" data-index-in-node=\"70\">Ivan Luiz Pereira<\/b>, ocorrido nesta quinta-feira, 25 de dezembro de 2025. Aos 68 anos, Ivan era uma figura muito conhecida na regi\u00e3o, onde unia sua rotina profissional ao amor pelas artes visuais.<\/p>\n<p data-path-to-node=\"6\"><strong>Veja tamb\u00e9m<\/strong>:\u00a0<a href=\"https:\/\/colatinaemacao.com.br\/2025\/06\/17\/suspeito-de-armazenar-conteudo-de-abuso-infanto-juvenil-e-preso-no-es\/\" rel=\"nofollow noopener\" target=\"_blank\"><strong>Suspeito de armazenar conte\u00fado de abuso infanto-juvenil \u00e9 preso no ES<\/strong><\/a><\/p>\n<p data-path-to-node=\"7\">Aposentado, Ivan atuava ultimamente como motorista de aplicativo, mas era atrav\u00e9s das lentes que ele expressava sua verdadeira ess\u00eancia. Sob o nome art\u00edstico <b data-path-to-node=\"7\" data-index-in-node=\"158\">Ivan Luiz Photos<\/b>, ou <b data-path-to-node=\"7\" data-index-in-node=\"179\">Ivan Pakaia<\/b>, como era carinhosamente conhecido por amigos e seguidores, ele transformava o cotidiano em arte.<\/p>\n<p><strong>&gt; Quer receber as principais not\u00edcias do Colatina em A\u00e7\u00e3o no WhatsApp?\u00a0<a href=\"https:\/\/encurtador.com.br\/wCgBR\" rel=\"nofollow noopener\" target=\"_blank\">Clique aqui e entre na nossa comunidade!<\/a><\/strong><\/p>\n<p data-path-to-node=\"8\">Em suas redes sociais, Ivan fazia quest\u00e3o de apresentar seus registros fotogr\u00e1ficos, que inclu\u00edam desde competi\u00e7\u00f5es esportivas at\u00e9 as paisagens naturais da regi\u00e3o. Sua grande especialidade era capturar o \u00e2ngulo perfeito do famoso sol poente de Colatina, orgulho dos moradores locais. O trabalho de Ivan pode ser recordado em seus perfis oficiais no <a class=\"ng-star-inserted\" href=\"https:\/\/www.instagram.com\/ivampakaia\/\" target=\"_blank\" rel=\"noopener nofollow\" data-hveid=\"0\" data-ved=\"0CAAQ_4QMahcKEwjW0bX5gduRAxUAAAAAHQAAAAAQQQ\">Instagram<\/a> e no <a class=\"ng-star-inserted\" href=\"https:\/\/www.facebook.com\/acaipontocomb.expresso\" target=\"_blank\" rel=\"noopener nofollow\" data-hveid=\"0\" data-ved=\"0CAAQ_4QMahcKEwjW0bX5gduRAxUAAAAAHQAAAAAQQg\">Facebook<\/a>.<\/p>\n<p>Informa\u00e7\u00f5es sobre a Despedida<\/p>\n<p data-path-to-node=\"10\">A fam\u00edlia e os amigos convidam a comunidade para prestarem as \u00faltimas homenagens ao fot\u00f3grafo:<\/p>\n<ul data-path-to-node=\"11\">\n<li>\n<p data-path-to-node=\"11,0,0\"><b data-path-to-node=\"11,0,0\" data-index-in-node=\"0\">Vel\u00f3rio:<\/b> Teve in\u00edcio \u00e0s 21h desta quinta-feira (25\/12), na <b data-path-to-node=\"11,0,0\" data-index-in-node=\"59\">Igreja Alian\u00e7a do Avivamento<\/b>, no bairro S\u00e3o Judas Tadeu.<\/p>\n<\/li>\n<li>\n<p data-path-to-node=\"11,1,0\"><b data-path-to-node=\"11,1,0\" data-index-in-node=\"0\">Sepultamento:<\/b> O cortejo de despedida ocorrer\u00e1 nesta sexta-feira (<b data-path-to-node=\"11,1,0\" data-index-in-node=\"65\">26\/12<\/b>), \u00e0s <b data-path-to-node=\"11,1,0\" data-index-in-node=\"76\">10h30<\/b>, no <b data-path-to-node=\"11,1,0\" data-index-in-node=\"86\">Cemit\u00e9rio Jardim da Paz<\/b>, tamb\u00e9m localizado no bairro S\u00e3o Judas Tadeu.<\/p>\n<\/li>\n<\/ul>\n<p data-path-to-node=\"12\">Ivan Pakaia deixa um legado visual eterno sobre a beleza de Colatina e a saudade no cora\u00e7\u00e3o de todos que acompanhavam seu olhar sens\u00edvel atrav\u00e9s da fotografia.<\/p>\n<p data-path-to-node=\"12\"><img loading=\"lazy\" decoding=\"async\" class=\"wp-image-68830 aligncenter\" src=\"https:\/\/www.europesays.com\/pt\/wp-content\/uploads\/2025\/12\/pakaia2-300x223.png\" alt=\"\" width=\"436\" height=\"324\"  \/><\/p>\n<p data-path-to-node=\"6\">A cidade de Colatina amanheceu com a triste not\u00edcia do falecimento de <b data-path-to-node=\"6\" data-index-in-node=\"70\">Ivan Luiz Pereira<\/b>, ocorrido nesta quinta-feira, 25 de dezembro de 2025. Aos 68 anos, Ivan era uma figura muito conhecida na regi\u00e3o, onde unia sua rotina profissional ao amor pelas artes visuais.<\/p>\n<p data-path-to-node=\"6\"><strong>Veja tamb\u00e9m<\/strong>:\u00a0<a href=\"https:\/\/colatinaemacao.com.br\/2025\/06\/17\/suspeito-de-armazenar-conteudo-de-abuso-infanto-juvenil-e-preso-no-es\/\" rel=\"nofollow noopener\" target=\"_blank\"><strong>Suspeito de armazenar conte\u00fado de abuso infanto-juvenil \u00e9 preso no ES<\/strong><\/a><\/p>\n<p data-path-to-node=\"7\">Aposentado, Ivan atuava ultimamente como motorista de aplicativo, mas era atrav\u00e9s das lentes que ele expressava sua verdadeira ess\u00eancia. Sob o nome art\u00edstico <b data-path-to-node=\"7\" data-index-in-node=\"158\">Ivan Luiz Photos<\/b>, ou <b data-path-to-node=\"7\" data-index-in-node=\"179\">Ivan Pakaia<\/b>, como era carinhosamente conhecido por amigos e seguidores, ele transformava o cotidiano em arte.<\/p>\n<p><strong>&gt; Quer receber as principais not\u00edcias do Colatina em A\u00e7\u00e3o no WhatsApp?\u00a0<a href=\"https:\/\/encurtador.com.br\/wCgBR\" rel=\"nofollow noopener\" target=\"_blank\">Clique aqui e entre na nossa comunidade!<\/a><\/strong><\/p>\n<p data-path-to-node=\"8\">Em suas redes sociais, Ivan fazia quest\u00e3o de apresentar seus registros fotogr\u00e1ficos, que inclu\u00edam desde competi\u00e7\u00f5es esportivas at\u00e9 as paisagens naturais da regi\u00e3o. Sua grande especialidade era capturar o \u00e2ngulo perfeito do famoso sol poente de Colatina, orgulho dos moradores locais. O trabalho de Ivan pode ser recordado em seus perfis oficiais no <a class=\"ng-star-inserted\" href=\"https:\/\/www.instagram.com\/ivampakaia\/\" target=\"_blank\" rel=\"noopener nofollow\" data-hveid=\"0\" data-ved=\"0CAAQ_4QMahcKEwjW0bX5gduRAxUAAAAAHQAAAAAQQQ\">Instagram<\/a> e no <a class=\"ng-star-inserted\" href=\"https:\/\/www.facebook.com\/acaipontocomb.expresso\" target=\"_blank\" rel=\"noopener nofollow\" data-hveid=\"0\" data-ved=\"0CAAQ_4QMahcKEwjW0bX5gduRAxUAAAAAHQAAAAAQQg\">Facebook<\/a>.<\/p>\n<p>Informa\u00e7\u00f5es sobre a Despedida<\/p>\n<p data-path-to-node=\"10\">A fam\u00edlia e os amigos convidam a comunidade para prestarem as \u00faltimas homenagens ao fot\u00f3grafo:<\/p>\n<ul data-path-to-node=\"11\">\n<li>\n<p data-path-to-node=\"11,0,0\"><b data-path-to-node=\"11,0,0\" data-index-in-node=\"0\">Vel\u00f3rio:<\/b> Teve in\u00edcio \u00e0s 21h desta quinta-feira (25\/12), na <b data-path-to-node=\"11,0,0\" data-index-in-node=\"59\">Igreja Alian\u00e7a do Avivamento<\/b>, no bairro S\u00e3o Judas Tadeu.<\/p>\n<\/li>\n<li>\n<p data-path-to-node=\"11,1,0\"><b data-path-to-node=\"11,1,0\" data-index-in-node=\"0\">Sepultamento:<\/b> O cortejo de despedida ocorrer\u00e1 nesta sexta-feira (<b data-path-to-node=\"11,1,0\" data-index-in-node=\"65\">26\/12<\/b>), \u00e0s <b data-path-to-node=\"11,1,0\" data-index-in-node=\"76\">10h30<\/b>, no <b data-path-to-node=\"11,1,0\" data-index-in-node=\"86\">Cemit\u00e9rio Jardim da Paz<\/b>, tamb\u00e9m localizado no bairro S\u00e3o Judas Tadeu.<\/p>\n<\/li>\n<\/ul>\n<p data-path-to-node=\"12\">Ivan Pakaia deixa um legado visual eterno sobre a beleza de Colatina e a saudade no cora\u00e7\u00e3o de todos que acompanhavam seu olhar sens\u00edvel atrav\u00e9s da fotografia.<\/p>\n<p data-path-to-node=\"12\"><img loading=\"lazy\" decoding=\"async\" class=\"wp-image-68830 aligncenter\" src=\"https:\/\/www.europesays.com\/pt\/wp-content\/uploads\/2025\/12\/pakaia2-300x223.png\" alt=\"\" width=\"436\" height=\"324\"  \/><\/p>\n<p>\t\t\t\t\t\t\t\t\t\t\t\t\t\t\t<script async src=\"\/\/www.instagram.com\/embed.js\"><\/script><\/p>\n","protected":false},"excerpt":{"rendered":"A cidade de Colatina amanheceu com a triste not\u00edcia do falecimento de Ivan Luiz Pereira, ocorrido nesta quinta-feira,&hellip;\n","protected":false},"author":2,"featured_media":203126,"comment_status":"","ping_status":"","sticky":false,"template":"","format":"standard","meta":{"footnotes":""},"categories":[144],"tags":[207,205,206,203,201,202,40322,204,114,115,2085,40323,1339,1535,32,33,40324],"class_list":{"0":"post-203125","1":"post","2":"type-post","3":"status-publish","4":"format-standard","5":"has-post-thumbnail","7":"category-arte-e-design","8":"tag-arte","9":"tag-arte-e-design","10":"tag-artedesign","11":"tag-arts","12":"tag-arts-and-design","13":"tag-artsanddesign","14":"tag-colatina","15":"tag-design","16":"tag-entertainment","17":"tag-entretenimento","18":"tag-fotografia","19":"tag-ivan-luiz-pereira","20":"tag-luto","21":"tag-obituario","22":"tag-portugal","23":"tag-pt","24":"tag-sol-poente-colatina"},"share_on_mastodon":{"url":"https:\/\/pubeurope.com\/@pt\/115785695970821125","error":""},"_links":{"self":[{"href":"https:\/\/www.europesays.com\/pt\/wp-json\/wp\/v2\/posts\/203125","targetHints":{"allow":["GET"]}}],"collection":[{"href":"https:\/\/www.europesays.com\/pt\/wp-json\/wp\/v2\/posts"}],"about":[{"href":"https:\/\/www.europesays.com\/pt\/wp-json\/wp\/v2\/types\/post"}],"author":[{"embeddable":true,"href":"https:\/\/www.europesays.com\/pt\/wp-json\/wp\/v2\/users\/2"}],"replies":[{"embeddable":true,"href":"https:\/\/www.europesays.com\/pt\/wp-json\/wp\/v2\/comments?post=203125"}],"version-history":[{"count":0,"href":"https:\/\/www.europesays.com\/pt\/wp-json\/wp\/v2\/posts\/203125\/revisions"}],"wp:featuredmedia":[{"embeddable":true,"href":"https:\/\/www.europesays.com\/pt\/wp-json\/wp\/v2\/media\/203126"}],"wp:attachment":[{"href":"https:\/\/www.europesays.com\/pt\/wp-json\/wp\/v2\/media?parent=203125"}],"wp:term":[{"taxonomy":"category","embeddable":true,"href":"https:\/\/www.europesays.com\/pt\/wp-json\/wp\/v2\/categories?post=203125"},{"taxonomy":"post_tag","embeddable":true,"href":"https:\/\/www.europesays.com\/pt\/wp-json\/wp\/v2\/tags?post=203125"}],"curies":[{"name":"wp","href":"https:\/\/api.w.org\/{rel}","templated":true}]}}