{"id":203139,"date":"2025-12-26T11:57:23","date_gmt":"2025-12-26T11:57:23","guid":{"rendered":"https:\/\/www.europesays.com\/pt\/203139\/"},"modified":"2025-12-26T11:57:23","modified_gmt":"2025-12-26T11:57:23","slug":"apos-quase-25-dias-maria-botelho-moniz-anuncia-o-sonho-realizou-se","status":"publish","type":"post","link":"https:\/\/www.europesays.com\/pt\/203139\/","title":{"rendered":"Ap\u00f3s quase 25 dias, Maria Botelho Moniz anuncia: &#8220;O sonho realizou-se&#8221;"},"content":{"rendered":"<p>Recorrendo ao Instagram, muitas s\u00e3o as figuras p\u00fablicas que est\u00e3o a assinalar a quadra natal\u00edcia, partilhando fotografias, nas quais se mostram ao lado da respetiva fam\u00edlia.<\/p>\n<p>Foi o que aconteceu com <a href=\"https:\/\/selfie.iol.pt\/famosos\/1-companhia\/com-os-olhos-a-brilhar-maria-botelho-moniz-faz-revelacao\/20251220\/69468cbfd34e3caad84ca111\" target=\"_blank\" rel=\"nofollow noopener\">Maria Botelho Moniz<\/a>, que partilhou uma s\u00e9rie de registos cujo protagonista \u00e9 o filho, Vicente, de dois anos, fruto do noivado com <a href=\"https:\/\/selfie.iol.pt\/famosos\/pedro-bianchi-prata\/pedro-bianchi-prata-vive-dia-dificil-a-vida-muda-muito-depressa\/20251212\/693bf24cd34e3caad84c4b79\" target=\"_blank\" rel=\"nofollow noopener\">Pedro Bianchi Prata<\/a>.<\/p>\n<p>Nas imagens, a crian\u00e7a surge a brincar com um autocarro amarelo em forma de brinquedo. &#8220;&#8230; e ao vig\u00e9simo quarto dia, o sonho realizou-se&#8221;, assinalou a &#8220;m\u00e3e babada&#8221;.<\/p>\n<p>Recorde-se que, numa entrevista recente, <a href=\"https:\/\/selfie.iol.pt\/famosos\/pedro-bianchi-prata\/e-esta-nem-vai-acreditar-o-que-o-filho-de-maria-botelho-moniz-pediu-ao-pai-natal\/20251216\/6940320cd34e2bd5c6d52016\" target=\"_blank\" rel=\"nofollow noopener\">Maria Botelho Moniz revelou que este foi o pedido de Vicente ao Pai Natal.<\/a><\/p>\n<p>Veja, agora, as imagens partilhadas por Maria Botelho Moniz na galeria de fotografias que prepar\u00e1mos para si.<\/p>\n","protected":false},"excerpt":{"rendered":"Recorrendo ao Instagram, muitas s\u00e3o as figuras p\u00fablicas que est\u00e3o a assinalar a quadra natal\u00edcia, partilhando fotografias, nas&hellip;\n","protected":false},"author":2,"featured_media":74344,"comment_status":"","ping_status":"","sticky":false,"template":"","format":"standard","meta":{"footnotes":""},"categories":[145],"tags":[3539,211,210,114,115,981,980,1870,1015,338,619,7561,32,40325,33,1012,162],"class_list":{"0":"post-203139","1":"post","2":"type-post","3":"status-publish","4":"format-standard","5":"has-post-thumbnail","7":"category-celebridades","8":"tag-apresentadora","9":"tag-celebridades","10":"tag-celebrities","11":"tag-entertainment","12":"tag-entretenimento","13":"tag-familia","14":"tag-famosos","15":"tag-filhos","16":"tag-instagram","17":"tag-maria-botelho-moniz","18":"tag-nacional","19":"tag-natal","20":"tag-portugal","21":"tag-primeira-companhia","22":"tag-pt","23":"tag-selfie","24":"tag-tvi"},"share_on_mastodon":{"url":"https:\/\/pubeurope.com\/@pt\/115785750442772286","error":""},"_links":{"self":[{"href":"https:\/\/www.europesays.com\/pt\/wp-json\/wp\/v2\/posts\/203139","targetHints":{"allow":["GET"]}}],"collection":[{"href":"https:\/\/www.europesays.com\/pt\/wp-json\/wp\/v2\/posts"}],"about":[{"href":"https:\/\/www.europesays.com\/pt\/wp-json\/wp\/v2\/types\/post"}],"author":[{"embeddable":true,"href":"https:\/\/www.europesays.com\/pt\/wp-json\/wp\/v2\/users\/2"}],"replies":[{"embeddable":true,"href":"https:\/\/www.europesays.com\/pt\/wp-json\/wp\/v2\/comments?post=203139"}],"version-history":[{"count":0,"href":"https:\/\/www.europesays.com\/pt\/wp-json\/wp\/v2\/posts\/203139\/revisions"}],"wp:featuredmedia":[{"embeddable":true,"href":"https:\/\/www.europesays.com\/pt\/wp-json\/wp\/v2\/media\/74344"}],"wp:attachment":[{"href":"https:\/\/www.europesays.com\/pt\/wp-json\/wp\/v2\/media?parent=203139"}],"wp:term":[{"taxonomy":"category","embeddable":true,"href":"https:\/\/www.europesays.com\/pt\/wp-json\/wp\/v2\/categories?post=203139"},{"taxonomy":"post_tag","embeddable":true,"href":"https:\/\/www.europesays.com\/pt\/wp-json\/wp\/v2\/tags?post=203139"}],"curies":[{"name":"wp","href":"https:\/\/api.w.org\/{rel}","templated":true}]}}