{"id":203150,"date":"2025-12-26T12:11:07","date_gmt":"2025-12-26T12:11:07","guid":{"rendered":"https:\/\/www.europesays.com\/pt\/203150\/"},"modified":"2025-12-26T12:11:07","modified_gmt":"2025-12-26T12:11:07","slug":"siria-varios-mortos-em-atentado-a-bomba-contra-mesquita-de-homs","status":"publish","type":"post","link":"https:\/\/www.europesays.com\/pt\/203150\/","title":{"rendered":"S\u00edria. V\u00e1rios mortos em atentado \u00e0 bomba contra mesquita de Homs"},"content":{"rendered":"<p>&#13;<br \/>\nUma explos\u00e3o no interior de uma mesquita da minoria alau\u00edta em Homs, no oeste da S\u00edria, provocou esta sexta-feira as mortes de pelo menos cinco pessoas. O Minist\u00e9rio s\u00edrio da Sa\u00fade, citado pela ag\u00eancia estatal SANA, refere mais de duas dezenas de feridos.&#13;\n<\/p>\n<p>&#13;<br \/>\n<b>&#8220;Uma explos\u00e3o terrorista atingiu a Mesquita Ali Ben Abi Taleb durante as ora\u00e7\u00f5es de sexta-feira na Rua Al-Khadri, no distrito de Wadi al-Dahab, em Homs&#8221;, avan\u00e7ou o Minist\u00e9rio do Interior em comunicado.<\/b><br \/>&#13;\n<\/p>\n<p><\/p>\n<p>O respons\u00e1vel local Issam Naameh acrescentou \u00e0 Reuters que a explos\u00e3o ocorreu durante as ora\u00e7\u00f5es do meio-dia de sexta-feira, normalmente a hora de maior movimento nas mesquitas.A ag\u00eancia de not\u00edcias estatal s\u00edria SANA publicou imagens de equipas de resgate e for\u00e7as de seguran\u00e7a a examinar os destro\u00e7os espalhados pelo tapete verde da mesquita. <b>N\u00e3o houve reivindica\u00e7\u00e3o imediata de responsabilidade pelo ataque.<\/b><\/p>\n<p>O Observat\u00f3rio S\u00edrio para os Direitos Humanos (SOHR), uma ONG com sede no Reino Unido e uma vasta rede de fontes na S\u00edria, disse que ainda n\u00e3o era poss\u00edvel determinar se a explos\u00e3o foi causada por um atentado suicida ou por um engenho explosivo improvisado.&#13;\n<\/p>\n<p><b>A cidade de Homs, predominantemente sunita, possui diversos bairros habitados pela minoria alauita.<\/b><\/p>\n<p>Foi desta minoria mu\u00e7ulmana que veio o presidente Bashar al-Assad, deposto em dezembro de 2024 por uma coliga\u00e7\u00e3o de grupos rebeldes isl\u00e2micos sunitas liderados por Ahmad al-Sharaa, atual presidente interino da S\u00edria. Desde ent\u00e3o, esta comunidade tem sido alvo de ataques.&#13;\n<\/p>\n<p>&#13;<br \/>\nA S\u00edria tem sido abalada por v\u00e1rios epis\u00f3dios de viol\u00eancia sect\u00e1ria desde que o antigo l\u00edder Bashar al-Assad, um alauita, foi deposto por uma ofensiva rebelde no ano passado e substitu\u00eddo por um Governo liderado por membros da maioria mu\u00e7ulmana sunita.Segundo uma comiss\u00e3o nacional de inqu\u00e9rito, pelo menos 1.426 dos seus membros foram mortos em confrontos ocorridos em mar\u00e7o entre as for\u00e7as de seguran\u00e7a e homens leais a Bashar al-Assad, no oeste do pa\u00eds.<br \/>&#13;<br \/>\n<b><br \/>&#13;<br \/>\nO Observat\u00f3rio S\u00edrio para os Direitos Humanos (SOHR) estimou o n\u00famero de mortos em mais de 1.700, na sua maioria alauitas.<\/b><br \/>&#13;\n<\/p>\n<p>&#13;<br \/>\n<br \/>&#13;<br \/>\nNo in\u00edcio deste m\u00eas, dois soldados norte-americanos e um int\u00e9rprete civil foram mortos no centro da S\u00edria por um atacante descrito pelas autoridades como um suspeito membro do Estado Isl\u00e2mico, um grupo violento mu\u00e7ulmano sunita.<br \/>&#13;<br \/>\n<b><br \/>&#13;<br \/>\n<\/b>&#13;<\/p>\n","protected":false},"excerpt":{"rendered":"&#13; Uma explos\u00e3o no interior de uma mesquita da minoria alau\u00edta em Homs, no oeste da S\u00edria, provocou&hellip;\n","protected":false},"author":2,"featured_media":203151,"comment_status":"","ping_status":"","sticky":false,"template":"","format":"standard","meta":{"footnotes":""},"categories":[8],"tags":[40331,32763,27,28,10922,15,16,14,40330,25,26,21,22,22519,12,13,19,20,32,23,24,33,20900,17,18,29,30,31,18743],"class_list":{"0":"post-203150","1":"post","2":"type-post","3":"status-publish","4":"format-standard","5":"has-post-thumbnail","7":"category-principais-noticias","8":"tag-alauita","9":"tag-atentado","10":"tag-breaking-news","11":"tag-breakingnews","12":"tag-explosao","13":"tag-featured-news","14":"tag-featurednews","15":"tag-headlines","16":"tag-homs","17":"tag-latest-news","18":"tag-latestnews","19":"tag-main-news","20":"tag-mainnews","21":"tag-mesquita","22":"tag-news","23":"tag-noticias","24":"tag-noticias-principais","25":"tag-noticiasprincipais","26":"tag-portugal","27":"tag-principais-noticias","28":"tag-principaisnoticias","29":"tag-pt","30":"tag-siria","31":"tag-top-stories","32":"tag-topstories","33":"tag-ultimas","34":"tag-ultimas-noticias","35":"tag-ultimasnoticias","36":"tag-vitimas"},"share_on_mastodon":{"url":"https:\/\/pubeurope.com\/@pt\/115785805713603721","error":""},"_links":{"self":[{"href":"https:\/\/www.europesays.com\/pt\/wp-json\/wp\/v2\/posts\/203150","targetHints":{"allow":["GET"]}}],"collection":[{"href":"https:\/\/www.europesays.com\/pt\/wp-json\/wp\/v2\/posts"}],"about":[{"href":"https:\/\/www.europesays.com\/pt\/wp-json\/wp\/v2\/types\/post"}],"author":[{"embeddable":true,"href":"https:\/\/www.europesays.com\/pt\/wp-json\/wp\/v2\/users\/2"}],"replies":[{"embeddable":true,"href":"https:\/\/www.europesays.com\/pt\/wp-json\/wp\/v2\/comments?post=203150"}],"version-history":[{"count":0,"href":"https:\/\/www.europesays.com\/pt\/wp-json\/wp\/v2\/posts\/203150\/revisions"}],"wp:featuredmedia":[{"embeddable":true,"href":"https:\/\/www.europesays.com\/pt\/wp-json\/wp\/v2\/media\/203151"}],"wp:attachment":[{"href":"https:\/\/www.europesays.com\/pt\/wp-json\/wp\/v2\/media?parent=203150"}],"wp:term":[{"taxonomy":"category","embeddable":true,"href":"https:\/\/www.europesays.com\/pt\/wp-json\/wp\/v2\/categories?post=203150"},{"taxonomy":"post_tag","embeddable":true,"href":"https:\/\/www.europesays.com\/pt\/wp-json\/wp\/v2\/tags?post=203150"}],"curies":[{"name":"wp","href":"https:\/\/api.w.org\/{rel}","templated":true}]}}