{"id":203164,"date":"2025-12-26T12:21:17","date_gmt":"2025-12-26T12:21:17","guid":{"rendered":"https:\/\/www.europesays.com\/pt\/203164\/"},"modified":"2025-12-26T12:21:17","modified_gmt":"2025-12-26T12:21:17","slug":"nasa-mostra-ceia-de-astronautas-em-estacao-espacial-2","status":"publish","type":"post","link":"https:\/\/www.europesays.com\/pt\/203164\/","title":{"rendered":"Nasa mostra ceia de astronautas em esta\u00e7\u00e3o espacial"},"content":{"rendered":"<p class=\"texto\">A ag\u00eancia espacial norte-americana, a <a href=\"https:\/\/www.tupi.fm\/tag\/nasa\/\" target=\"_blank\" rel=\"noreferrer noopener nofollow\">Nasa<\/a>, compartilhou registros de ceias e decora\u00e7\u00f5es natalinas na Esta\u00e7\u00e3o Espacial Internacional (ISS, na sigla em ingl\u00eas). &#8220;Desde decorar a esta\u00e7\u00e3o at\u00e9 partilhar guloseimas de\u00a0Natal, as equipas em \u00f3rbita celebram as festas como fazem na Terra&#8221;, disse a Nasa, na noite de quarta-feira (24\/12).<\/p>\n<p class=\"texto\">A primeira foto mostra os astronautas Nick Hague e Suni Williams compartilhando alguns lanches a bordo da Esta\u00e7\u00e3o Espacial Internacional, vestidos com roupas natalinas. A segunda foto \u00e9 uma selfie tirada pela tripula\u00e7\u00e3o da Expedi\u00e7\u00e3o 68. O terceiro registro \u00e9\u00a0uma foto de seis meias de Natal penduradas na esta\u00e7\u00e3o espacial\u00a0\u2014 uma para cada tripulante da Expedi\u00e7\u00e3o 34.<\/p>\n<p class=\"texto\">\n<p class=\"texto\">Na quarta foto aparecem\u00a0integrantes da\u00a0tripula\u00e7\u00e3o da Expedi\u00e7\u00e3o 64: as astronautas da Nasa Jessica Meir e Christina Koch; os astronautas da Roscosmos Oleg Skripochka e Alexander Skvortsov, o astronauta da Nasa Drew Morgan e Luca Parmitano da Ag\u00eancia Espacial Europeia (ESA). J\u00e1 a \u00faltima foto mostra\u00a0quatro membros da tripula\u00e7\u00e3o da Expedi\u00e7\u00e3o 70: Jasmin Moghbeli, Loral O\u2019Hara, Koichi Wakata e Andreas Mogensen.<\/p>\n<p class=\"texto\"><a href=\"https:\/\/whatsapp.com\/channel\/0029Va8e466AO7RPLL06EL2h\" target=\"_blank\" rel=\"nofollow noopener\"><strong>Siga nosso canal no WhatsApp e receba not\u00edcias relevantes para o seu dia<\/strong><\/a><\/p>\n<p class=\"texto\">&#8220;Os nossos astronautas a bordo do ISS\u00a0est\u00e3o sempre ocupados a conduzir pesquisas para promover a explora\u00e7\u00e3o e melhorar as nossas vidas no terreno, mas isso n\u00e3o significa que n\u00e3o possam dispensar algum tempo para festividades&#8221;, disse a Nasa.<\/p>\n","protected":false},"excerpt":{"rendered":"A ag\u00eancia espacial norte-americana, a Nasa, compartilhou registros de ceias e decora\u00e7\u00f5es natalinas na Esta\u00e7\u00e3o Espacial Internacional (ISS,&hellip;\n","protected":false},"author":2,"featured_media":203165,"comment_status":"","ping_status":"","sticky":false,"template":"","format":"standard","meta":{"footnotes":""},"categories":[84],"tags":[109,107,108,62,1149,7561,32,33,105,103,104,106,110],"class_list":{"0":"post-203164","1":"post","2":"type-post","3":"status-publish","4":"format-standard","5":"has-post-thumbnail","7":"category-ciencia-e-tecnologia","8":"tag-ciencia","9":"tag-ciencia-e-tecnologia","10":"tag-cienciaetecnologia","11":"tag-mundo","12":"tag-nasa","13":"tag-natal","14":"tag-portugal","15":"tag-pt","16":"tag-science","17":"tag-science-and-technology","18":"tag-scienceandtechnology","19":"tag-technology","20":"tag-tecnologia"},"share_on_mastodon":{"url":"https:\/\/pubeurope.com\/@pt\/115785844837064745","error":""},"_links":{"self":[{"href":"https:\/\/www.europesays.com\/pt\/wp-json\/wp\/v2\/posts\/203164","targetHints":{"allow":["GET"]}}],"collection":[{"href":"https:\/\/www.europesays.com\/pt\/wp-json\/wp\/v2\/posts"}],"about":[{"href":"https:\/\/www.europesays.com\/pt\/wp-json\/wp\/v2\/types\/post"}],"author":[{"embeddable":true,"href":"https:\/\/www.europesays.com\/pt\/wp-json\/wp\/v2\/users\/2"}],"replies":[{"embeddable":true,"href":"https:\/\/www.europesays.com\/pt\/wp-json\/wp\/v2\/comments?post=203164"}],"version-history":[{"count":0,"href":"https:\/\/www.europesays.com\/pt\/wp-json\/wp\/v2\/posts\/203164\/revisions"}],"wp:featuredmedia":[{"embeddable":true,"href":"https:\/\/www.europesays.com\/pt\/wp-json\/wp\/v2\/media\/203165"}],"wp:attachment":[{"href":"https:\/\/www.europesays.com\/pt\/wp-json\/wp\/v2\/media?parent=203164"}],"wp:term":[{"taxonomy":"category","embeddable":true,"href":"https:\/\/www.europesays.com\/pt\/wp-json\/wp\/v2\/categories?post=203164"},{"taxonomy":"post_tag","embeddable":true,"href":"https:\/\/www.europesays.com\/pt\/wp-json\/wp\/v2\/tags?post=203164"}],"curies":[{"name":"wp","href":"https:\/\/api.w.org\/{rel}","templated":true}]}}