{"id":203211,"date":"2025-12-26T13:09:11","date_gmt":"2025-12-26T13:09:11","guid":{"rendered":"https:\/\/www.europesays.com\/pt\/203211\/"},"modified":"2025-12-26T13:09:11","modified_gmt":"2025-12-26T13:09:11","slug":"edson-e-itala-ventura-recebem-familiares-e-amigos-em-jantar-de-natal-em-seu-apartamento-na-beira-mar-portal-in-pompeu-vasconcelos","status":"publish","type":"post","link":"https:\/\/www.europesays.com\/pt\/203211\/","title":{"rendered":"Edson e \u00cdtala Ventura recebem familiares e amigos em jantar de Natal em seu apartamento na Beira-Mar &#8211; Portal IN &#8211; Pompeu Vasconcelos"},"content":{"rendered":"<p><strong>Edson Ventura e \u00cdtala<\/strong> abriram as portas de seu elegante <strong>endere\u00e7o<\/strong> na Beira-Mar de Fortaleza, na <strong>quinta-feira (25)<\/strong>, para o tradicional jantar de <strong>confraterniza\u00e7\u00e3o de Natal<\/strong> da fam\u00edlia Ventura, que contou com a presen\u00e7a de familiares e amigos pr\u00f3ximos. O menu teve assinatura do <strong>Barbra\u2019s<\/strong>, com ambienta\u00e7\u00e3o criada por <strong>Dito Machado<\/strong>. A <strong>trilha<\/strong> ficou a cargo de <strong>Caio Fernandes<\/strong>, que apresentou repert\u00f3rio preparado especialmente para a ocasi\u00e3o, marcando o clima do happening.<\/p>\n<p>Confira quem esteve por l\u00e1!<\/p>\n","protected":false},"excerpt":{"rendered":"Edson Ventura e \u00cdtala abriram as portas de seu elegante endere\u00e7o na Beira-Mar de Fortaleza, na quinta-feira (25),&hellip;\n","protected":false},"author":2,"featured_media":203212,"comment_status":"","ping_status":"","sticky":false,"template":"","format":"standard","meta":{"footnotes":""},"categories":[84],"tags":[109,107,108,32,33,105,103,104,106,110],"class_list":{"0":"post-203211","1":"post","2":"type-post","3":"status-publish","4":"format-standard","5":"has-post-thumbnail","7":"category-ciencia-e-tecnologia","8":"tag-ciencia","9":"tag-ciencia-e-tecnologia","10":"tag-cienciaetecnologia","11":"tag-portugal","12":"tag-pt","13":"tag-science","14":"tag-science-and-technology","15":"tag-scienceandtechnology","16":"tag-technology","17":"tag-tecnologia"},"share_on_mastodon":{"url":"https:\/\/pubeurope.com\/@pt\/115786033640741913","error":""},"_links":{"self":[{"href":"https:\/\/www.europesays.com\/pt\/wp-json\/wp\/v2\/posts\/203211","targetHints":{"allow":["GET"]}}],"collection":[{"href":"https:\/\/www.europesays.com\/pt\/wp-json\/wp\/v2\/posts"}],"about":[{"href":"https:\/\/www.europesays.com\/pt\/wp-json\/wp\/v2\/types\/post"}],"author":[{"embeddable":true,"href":"https:\/\/www.europesays.com\/pt\/wp-json\/wp\/v2\/users\/2"}],"replies":[{"embeddable":true,"href":"https:\/\/www.europesays.com\/pt\/wp-json\/wp\/v2\/comments?post=203211"}],"version-history":[{"count":0,"href":"https:\/\/www.europesays.com\/pt\/wp-json\/wp\/v2\/posts\/203211\/revisions"}],"wp:featuredmedia":[{"embeddable":true,"href":"https:\/\/www.europesays.com\/pt\/wp-json\/wp\/v2\/media\/203212"}],"wp:attachment":[{"href":"https:\/\/www.europesays.com\/pt\/wp-json\/wp\/v2\/media?parent=203211"}],"wp:term":[{"taxonomy":"category","embeddable":true,"href":"https:\/\/www.europesays.com\/pt\/wp-json\/wp\/v2\/categories?post=203211"},{"taxonomy":"post_tag","embeddable":true,"href":"https:\/\/www.europesays.com\/pt\/wp-json\/wp\/v2\/tags?post=203211"}],"curies":[{"name":"wp","href":"https:\/\/api.w.org\/{rel}","templated":true}]}}