{"id":203229,"date":"2025-12-26T13:23:14","date_gmt":"2025-12-26T13:23:14","guid":{"rendered":"https:\/\/www.europesays.com\/pt\/203229\/"},"modified":"2025-12-26T13:23:14","modified_gmt":"2025-12-26T13:23:14","slug":"garrafa-termica-da-contigo-e-a-mais-vendida-em-2025-confira-o-teste","status":"publish","type":"post","link":"https:\/\/www.europesays.com\/pt\/203229\/","title":{"rendered":"Garrafa t\u00e9rmica da Contigo \u00e9 a mais vendida em 2025; confira o teste"},"content":{"rendered":"<p>O que mais gostamos<\/p>\n<p class=\"bullet\" data-v-232111b4=\"\"><strong>Isolamento t\u00e9rmico.<\/strong> A garrafa tem conserva\u00e7\u00e3o Thermoblock, tecnologia que consiste em uma parede dupla de a\u00e7o inoxid\u00e1vel e isolamento a v\u00e1cuo capaz de manter bebidas frias e quentes por horas, segundo a marca.<\/p>\n<p class=\"bullet\" data-v-232111b4=\"\">Para testar o isolamento, o primeiro dia foi iniciado com \u00e1gua gelada, consumida em pequenas quantidades a cada uma hora. A garrafa manteve bem a mesma temperatura durante as cinco primeiras horas.<\/p>\n<p class=\"bullet\" data-v-232111b4=\"\">Depois desse per\u00edodo, houve uma leve mudan\u00e7a na temperatura do l\u00edquido, embora ainda continuasse bem mais frio do que a temperatura ambiente. A \u00e1gua s\u00f3 atingiu a temperatura ambiente depois de mais de oito horas.<\/p>\n<p class=\"bullet\" data-v-232111b4=\"\">No dia seguinte, o processo foi repetido, mas com \u00e1gua quente. A garrafa conseguiu manter a mesma temperatura durante tr\u00eas horas. Ap\u00f3s isso, a \u00e1gua continuou quente e ainda saia vapor do recipiente, mas come\u00e7ou a esfriar a partir da quarta hora. A partir da s\u00e9tima hora, a \u00e1gua j\u00e1 estava morna, bem pr\u00f3xima da temperatura ambiente.<\/p>\n<p class=\"bullet\" data-v-232111b4=\"\">Vale destacar que essas foram percep\u00e7\u00f5es, uma vez que nenhum aparelho de medi\u00e7\u00e3o de temperatura foi usado no teste.<\/p>\n","protected":false},"excerpt":{"rendered":"O que mais gostamos Isolamento t\u00e9rmico. A garrafa tem conserva\u00e7\u00e3o Thermoblock, tecnologia que consiste em uma parede dupla&hellip;\n","protected":false},"author":2,"featured_media":203230,"comment_status":"","ping_status":"","sticky":false,"template":"","format":"standard","meta":{"footnotes":""},"categories":[84],"tags":[109,107,108,32,33,105,103,104,106,110],"class_list":{"0":"post-203229","1":"post","2":"type-post","3":"status-publish","4":"format-standard","5":"has-post-thumbnail","7":"category-ciencia-e-tecnologia","8":"tag-ciencia","9":"tag-ciencia-e-tecnologia","10":"tag-cienciaetecnologia","11":"tag-portugal","12":"tag-pt","13":"tag-science","14":"tag-science-and-technology","15":"tag-scienceandtechnology","16":"tag-technology","17":"tag-tecnologia"},"share_on_mastodon":{"url":"https:\/\/pubeurope.com\/@pt\/115786088647616211","error":""},"_links":{"self":[{"href":"https:\/\/www.europesays.com\/pt\/wp-json\/wp\/v2\/posts\/203229","targetHints":{"allow":["GET"]}}],"collection":[{"href":"https:\/\/www.europesays.com\/pt\/wp-json\/wp\/v2\/posts"}],"about":[{"href":"https:\/\/www.europesays.com\/pt\/wp-json\/wp\/v2\/types\/post"}],"author":[{"embeddable":true,"href":"https:\/\/www.europesays.com\/pt\/wp-json\/wp\/v2\/users\/2"}],"replies":[{"embeddable":true,"href":"https:\/\/www.europesays.com\/pt\/wp-json\/wp\/v2\/comments?post=203229"}],"version-history":[{"count":0,"href":"https:\/\/www.europesays.com\/pt\/wp-json\/wp\/v2\/posts\/203229\/revisions"}],"wp:featuredmedia":[{"embeddable":true,"href":"https:\/\/www.europesays.com\/pt\/wp-json\/wp\/v2\/media\/203230"}],"wp:attachment":[{"href":"https:\/\/www.europesays.com\/pt\/wp-json\/wp\/v2\/media?parent=203229"}],"wp:term":[{"taxonomy":"category","embeddable":true,"href":"https:\/\/www.europesays.com\/pt\/wp-json\/wp\/v2\/categories?post=203229"},{"taxonomy":"post_tag","embeddable":true,"href":"https:\/\/www.europesays.com\/pt\/wp-json\/wp\/v2\/tags?post=203229"}],"curies":[{"name":"wp","href":"https:\/\/api.w.org\/{rel}","templated":true}]}}