{"id":203292,"date":"2025-12-26T14:08:08","date_gmt":"2025-12-26T14:08:08","guid":{"rendered":"https:\/\/www.europesays.com\/pt\/203292\/"},"modified":"2025-12-26T14:08:08","modified_gmt":"2025-12-26T14:08:08","slug":"funcionarios-da-bimba-y-lola-ganham-12-milhoes-na-lotaria-espanhola","status":"publish","type":"post","link":"https:\/\/www.europesays.com\/pt\/203292\/","title":{"rendered":"Funcion\u00e1rios da Bimba y Lola ganham 1,2 milh\u00f5es na lotaria espanhola"},"content":{"rendered":"<p>        O pr\u00e9mio ser\u00e1 distribu\u00eddo pelos trabalhadores que compraram coletivamente entre 600 a 800 bilhetes.    <\/p>\n<p>Os dias que antecederam o Natal foram de festa na empresa Bimba y Lola, em Vigo. A empresa de moda foi uma das grandes vencedoras do tradicional sorteio de Natal espanhol, o \u2018El Gordo\u2019,\u00a0ao arrecadar o segundo pr\u00e9mio, no valor de 1,2 milh\u00f5es de euros,\u00a0que ser\u00e1 distribu\u00eddo pelos trabalhadores do grupo.<\/p>\n<p>A not\u00edcia apanhou a equipa em pleno hor\u00e1rio laboral. \u201cEst\u00e1vamos a trabalhar quando algu\u00e9m come\u00e7ou a gritar. Pens\u00e1mos que fosse algu\u00e9m em particular que tinha ganho, mas afinal t\u00ednhamos ganho todos. Come\u00e7\u00e1mos a gritar e a brindar\u201d, relataram v\u00e1rios trabalhadores ao jornal La Gal\u00edcia.<\/p>\n<p>Para celebrar, a empresa decidiu encerrar as instala\u00e7\u00f5es a partir da hora de almo\u00e7o para permitir as celebra\u00e7\u00f5es. \u201cFoi uma histeria coletiva. Nunca imaginei isto. Vou dividir com a minha fam\u00edlia e guardar para comprar um apartamento\u201d, contou um dos premiados, sem revelar o montante exato que ir\u00e1 receber.<\/p>\n","protected":false},"excerpt":{"rendered":"O pr\u00e9mio ser\u00e1 distribu\u00eddo pelos trabalhadores que compraram coletivamente entre 600 a 800 bilhetes. Os dias que antecederam&hellip;\n","protected":false},"author":2,"featured_media":203293,"comment_status":"","ping_status":"","sticky":false,"template":"","format":"standard","meta":{"footnotes":""},"categories":[83],"tags":[88,89,39756,90,32,33],"class_list":{"0":"post-203292","1":"post","2":"type-post","3":"status-publish","4":"format-standard","5":"has-post-thumbnail","7":"category-empresas","8":"tag-business","9":"tag-economy","10":"tag-el-gordo","11":"tag-empresas","12":"tag-portugal","13":"tag-pt"},"share_on_mastodon":{"url":"https:\/\/pubeurope.com\/@pt\/115786265711853463","error":""},"_links":{"self":[{"href":"https:\/\/www.europesays.com\/pt\/wp-json\/wp\/v2\/posts\/203292","targetHints":{"allow":["GET"]}}],"collection":[{"href":"https:\/\/www.europesays.com\/pt\/wp-json\/wp\/v2\/posts"}],"about":[{"href":"https:\/\/www.europesays.com\/pt\/wp-json\/wp\/v2\/types\/post"}],"author":[{"embeddable":true,"href":"https:\/\/www.europesays.com\/pt\/wp-json\/wp\/v2\/users\/2"}],"replies":[{"embeddable":true,"href":"https:\/\/www.europesays.com\/pt\/wp-json\/wp\/v2\/comments?post=203292"}],"version-history":[{"count":0,"href":"https:\/\/www.europesays.com\/pt\/wp-json\/wp\/v2\/posts\/203292\/revisions"}],"wp:featuredmedia":[{"embeddable":true,"href":"https:\/\/www.europesays.com\/pt\/wp-json\/wp\/v2\/media\/203293"}],"wp:attachment":[{"href":"https:\/\/www.europesays.com\/pt\/wp-json\/wp\/v2\/media?parent=203292"}],"wp:term":[{"taxonomy":"category","embeddable":true,"href":"https:\/\/www.europesays.com\/pt\/wp-json\/wp\/v2\/categories?post=203292"},{"taxonomy":"post_tag","embeddable":true,"href":"https:\/\/www.europesays.com\/pt\/wp-json\/wp\/v2\/tags?post=203292"}],"curies":[{"name":"wp","href":"https:\/\/api.w.org\/{rel}","templated":true}]}}