{"id":203298,"date":"2025-12-26T14:11:08","date_gmt":"2025-12-26T14:11:08","guid":{"rendered":"https:\/\/www.europesays.com\/pt\/203298\/"},"modified":"2025-12-26T14:11:08","modified_gmt":"2025-12-26T14:11:08","slug":"operacoes-de-gnr-e-psp-doze-mortos-e-mais-de-60-feridos-graves-nas-estradas-em-oito-dias","status":"publish","type":"post","link":"https:\/\/www.europesays.com\/pt\/203298\/","title":{"rendered":"Opera\u00e7\u00f5es de GNR e PSP. Doze mortos e mais de 60 feridos graves nas estradas em oito dias"},"content":{"rendered":"<p>                Doze v\u00edtimas mortais e 904 feridos, dos quais 61 em estado grave. S\u00e3o estes os n\u00fameros da sinistralidade rodovi\u00e1ria apurados pela Guarda Nacional Republicana e pela Pol\u00edcia de Seguran\u00e7a P\u00fablica nas opera\u00e7\u00f5es Natal e Ano Novo e Festas em Seguran\u00e7a, respetivamente, at\u00e9 ao dia 25 de dezembro. \u00c9 o que indicam os balan\u00e7os divulgados na manh\u00e3 desta sexta-feira.<\/p>\n<p><b>\u201cRelativamente \u00e0 sinistralidade rodovi\u00e1ria, a GNR registou 1.844 acidentes, dos quais resultaram nove v\u00edtimas mortais, 41 feridos graves e 455 feridos leves\u201d<\/b>, l\u00ea-se em comunicado da Guarda.<\/p>\n<p>No per\u00edodo entre as 0h00 do dia 18 de dezembro e as 23h59 do dia de Natal, foram fiscalizados, no \u00e2mbito da opera\u00e7\u00e3o da GNR, 60.846 condutores, <b>\u201cdos quais 485 conduziam com excesso de \u00e1lcool\u201d<\/b>. Destes, <b>\u201c279 foram detidos por conduzirem com uma taxa de \u00e1lcool no sangue igual ou superior a 1,2 g\/l\u201d<\/b>. \u201cForam ainda detidas 89 pessoas por conduzirem sem habilita\u00e7\u00e3o legal\u201d, de acordo com a mesma nota.<\/p>\n<p>Num conjunto de 9.220 contraordena\u00e7\u00f5es rodovi\u00e1rias, a Guarda refere 1.397 por excesso de velocidade, 206 por excesso de \u00e1lcool, 214 por falta ou incorreta utiliza\u00e7\u00e3o do cinto de seguran\u00e7a ou sistema de reten\u00e7\u00e3o para crian\u00e7as, 249 por uso indevido do telem\u00f3vel, 1.186 por falta de inspe\u00e7\u00e3o peri\u00f3dica obrigat\u00f3ria e 365 por falta de seguro de responsabilidade civil.<br \/>&#13;<br \/>\nPSP soma 495 deten\u00e7\u00f5es<br \/>&#13;<br \/>\nPor sua vez, a Pol\u00edcia de Seguran\u00e7a P\u00fablica adianta que, nos \u00faltimos oito dias, \u201cefetuou 495 deten\u00e7\u00f5es em todo o territ\u00f3rio nacional\u201d.<\/p>\n<p><b>\u201cDas deten\u00e7\u00f5es efetuadas destacamos 258 deten\u00e7\u00f5es por crimes rodovi\u00e1rios, nomeadamente 174 por condu\u00e7\u00e3o em estado de embriaguez e 84 por falta de habilita\u00e7\u00e3o legal para conduzir\u201d<\/b>, l\u00ea-se no comunicado da PSP.<\/p>\n<p>Relativamente \u00e0 sinistralidade rodovi\u00e1ria, <b>\u201cna \u00e1rea de responsabilidade da PSP foram registados 1.329 acidentes, dos quais resultaram 408 feridos (20 feridos graves e 388 feridos ligeiros)\u201d e \u201ctr\u00eas v\u00edtimas mortais\u201d<\/b>.\u201cForam detidos 35 indiv\u00edduos por crimes contra a propriedade (furtos e roubos) e 36 suspeitos por tr\u00e1fico de estupefacientes, tendo sido apreendidas 45.413 doses individuais\u201d.<\/p>\n<p>A PSP d\u00e1 ainda conta da \u201capreens\u00e3o de 19 armas de fogo, 55 armas brancas, 435 muni\u00e7\u00f5es e 37 outras armas, quer como medida cautelar, quer no seguimento das oito deten\u00e7\u00f5es efetuadas por posse de arma proibida\u201d. <\/p>\n<p>Foram tamb\u00e9m apreendidos 6.676 artigos de pirotecnia.<\/p>\n<p>\u201cDesde o in\u00edcio da opera\u00e7\u00e3o, no \u00e2mbito das a\u00e7\u00f5es de fiscaliza\u00e7\u00e3o de controlo da fronteira a\u00e9rea, a PSP procedeu \u00e0 deten\u00e7\u00e3o de 15 cidad\u00e3os por situa\u00e7\u00e3o ilegal em territ\u00f3rio nacional, controlou 309.698 cidad\u00e3os estrangeiros e elaborou 17 participa\u00e7\u00f5es e 21 autos de not\u00edcia por contraordena\u00e7\u00e3o no \u00e2mbito da Lei dos estrangeiros\u201d. <\/p>\n<p>\u201cForam ainda realizadas 522 interce\u00e7\u00f5es, 16 recusas de entrada em territ\u00f3rio nacional e tr\u00eas notifica\u00e7\u00f5es de abandono volunt\u00e1rio\u201d, conclui a for\u00e7a de seguran\u00e7a.&#13;\n            <\/p>\n","protected":false},"excerpt":{"rendered":"Doze v\u00edtimas mortais e 904 feridos, dos quais 61 em estado grave. S\u00e3o estes os n\u00fameros da sinistralidade&hellip;\n","protected":false},"author":2,"featured_media":203299,"comment_status":"","ping_status":"","sticky":false,"template":"","format":"standard","meta":{"footnotes":""},"categories":[8],"tags":[1455,7558,27,28,14688,15,16,2237,2002,14,25,26,21,22,3019,7561,12,13,19,20,5750,40362,32,23,24,1306,33,17,18,29,30,31],"class_list":{"0":"post-203298","1":"post","2":"type-post","3":"status-publish","4":"format-standard","5":"has-post-thumbnail","7":"category-principais-noticias","8":"tag-acidentes","9":"tag-ano-novo","10":"tag-breaking-news","11":"tag-breakingnews","12":"tag-estradas","13":"tag-featured-news","14":"tag-featurednews","15":"tag-feridos","16":"tag-gnr","17":"tag-headlines","18":"tag-latest-news","19":"tag-latestnews","20":"tag-main-news","21":"tag-mainnews","22":"tag-mortos","23":"tag-natal","24":"tag-news","25":"tag-noticias","26":"tag-noticias-principais","27":"tag-noticiasprincipais","28":"tag-operacao","29":"tag-operacoes","30":"tag-portugal","31":"tag-principais-noticias","32":"tag-principaisnoticias","33":"tag-psp","34":"tag-pt","35":"tag-top-stories","36":"tag-topstories","37":"tag-ultimas","38":"tag-ultimas-noticias","39":"tag-ultimasnoticias"},"share_on_mastodon":{"url":"https:\/\/pubeurope.com\/@pt\/115786277788062845","error":""},"_links":{"self":[{"href":"https:\/\/www.europesays.com\/pt\/wp-json\/wp\/v2\/posts\/203298","targetHints":{"allow":["GET"]}}],"collection":[{"href":"https:\/\/www.europesays.com\/pt\/wp-json\/wp\/v2\/posts"}],"about":[{"href":"https:\/\/www.europesays.com\/pt\/wp-json\/wp\/v2\/types\/post"}],"author":[{"embeddable":true,"href":"https:\/\/www.europesays.com\/pt\/wp-json\/wp\/v2\/users\/2"}],"replies":[{"embeddable":true,"href":"https:\/\/www.europesays.com\/pt\/wp-json\/wp\/v2\/comments?post=203298"}],"version-history":[{"count":0,"href":"https:\/\/www.europesays.com\/pt\/wp-json\/wp\/v2\/posts\/203298\/revisions"}],"wp:featuredmedia":[{"embeddable":true,"href":"https:\/\/www.europesays.com\/pt\/wp-json\/wp\/v2\/media\/203299"}],"wp:attachment":[{"href":"https:\/\/www.europesays.com\/pt\/wp-json\/wp\/v2\/media?parent=203298"}],"wp:term":[{"taxonomy":"category","embeddable":true,"href":"https:\/\/www.europesays.com\/pt\/wp-json\/wp\/v2\/categories?post=203298"},{"taxonomy":"post_tag","embeddable":true,"href":"https:\/\/www.europesays.com\/pt\/wp-json\/wp\/v2\/tags?post=203298"}],"curies":[{"name":"wp","href":"https:\/\/api.w.org\/{rel}","templated":true}]}}