{"id":203324,"date":"2025-12-26T14:29:26","date_gmt":"2025-12-26T14:29:26","guid":{"rendered":"https:\/\/www.europesays.com\/pt\/203324\/"},"modified":"2025-12-26T14:29:26","modified_gmt":"2025-12-26T14:29:26","slug":"jimmy-kimmel-diz-que-2025-foi-muito-bom-nos-eua-do-ponto-de-vista-do-fascismo-3","status":"publish","type":"post","link":"https:\/\/www.europesays.com\/pt\/203324\/","title":{"rendered":"Jimmy Kimmel diz que 2025 &#8220;foi muito bom&#8221; nos EUA &#8220;do ponto de vista do fascismo&#8221;"},"content":{"rendered":"<p>&#13;<br \/>\nO Channel 4 difunde todos os anos desde 1993 um discurso de Natal alternativo ao que \u00e9 proferido pelo monarca brit\u00e2nico.&#13;\n<\/p>\n<p>&#13;<br \/>\nEste ano, a escolha do canal recaiu sobre Jimmy Kimmel, estrela dos `late night shows` nos EUA (programas de entretenimento de fim de noite), e que teve o seu programa suspenso em setembro, depois de ter acusado a direita norte-americana de explorar politicamente o assassinato do influenciador apoiante do presidente Donald Trump, Charlie Kirk.&#13;\n<\/p>\n<p>&#13;<br \/>\n&#8220;Honestamente, penso que n\u00e3o sei nada do que se passa convosco. Em contrapartida, sei o que se passa connosco, e posso dizer-vos que, do ponto de vista do fascismo, foi um ano muito bom&#8221;, declarou o humorista na abertura da sua alocu\u00e7\u00e3o televisiva.&#13;\n<\/p>\n<p>&#13;<br \/>\n&#8220;A tirania prospera aqui&#8221;, acrescentou, antes de entrar em detalhes sobre a sua suspens\u00e3o. &#13;\n<\/p>\n<p>&#13;<br \/>\nDepois da pol\u00e9mica e das acusa\u00e7\u00f5es de censura, voltou finalmente ao est\u00fadio de grava\u00e7\u00e3o, uma semana ap\u00f3s a suspens\u00e3o.&#13;\n<\/p>\n<p>&#13;<br \/>\n&#8220;O facto de um Governo remeter os seus detratores ao sil\u00eancio \u00e9 qualquer coisa que acontece em pa\u00edses como a R\u00fassia, a Coreia do Norte e em Los Angeles, mas n\u00e3o no Reino Unido&#8221;, ironizou Kimmel, antes de deixar um aviso aos brit\u00e2nicos: &#8220;Acontece tudo muito r\u00e1pido&#8221;.&#13;\n<\/p>\n<p>&#13;<br \/>\nMas o presidente americano, que o humorista batizou de &#8220;rei Donnie VIII&#8221;, numa alus\u00e3o ao brit\u00e2nico Henrique VIII, &#8220;perdeu&#8221;, garantiu Kimmel, numa refer\u00eancia ao facto de a emiss\u00e3o do seu programa &#8220;Jimmy Kimmel Live!&#8221; ter sido prolongada at\u00e9 meados de 2027.&#13;\n<\/p>\n<p>&#13;<br \/>\nKimmel apelou ainda aos brit\u00e2nicos para que n\u00e3o abandonem os americanos: &#8220;Atravessamos um per\u00edodo dif\u00edcil neste momento, mas vamos sair dele&#8221;, acrescentou.&#13;\n<\/p>\n<p>&#13;<br \/>\nNomes como o comediante brit\u00e2nico Stephen Fry (2023) e o denunciante americano Edward Snowden (2013) fazem parte da lista de personalidades que j\u00e1 proferiram uma mensagem de Natal alternativa no Channel 4.&#13;<\/p>\n","protected":false},"excerpt":{"rendered":"&#13; O Channel 4 difunde todos os anos desde 1993 um discurso de Natal alternativo ao que \u00e9&hellip;\n","protected":false},"author":2,"featured_media":203325,"comment_status":"","ping_status":"","sticky":false,"template":"","format":"standard","meta":{"footnotes":""},"categories":[142],"tags":[114,115,40363,32,33,151,31947],"class_list":{"0":"post-203324","1":"post","2":"type-post","3":"status-publish","4":"format-standard","5":"has-post-thumbnail","7":"category-tv","8":"tag-entertainment","9":"tag-entretenimento","10":"tag-henrique-viii","11":"tag-portugal","12":"tag-pt","13":"tag-tv","14":"tag-unido"},"share_on_mastodon":{"url":"https:\/\/pubeurope.com\/@pt\/115786348321058877","error":""},"_links":{"self":[{"href":"https:\/\/www.europesays.com\/pt\/wp-json\/wp\/v2\/posts\/203324","targetHints":{"allow":["GET"]}}],"collection":[{"href":"https:\/\/www.europesays.com\/pt\/wp-json\/wp\/v2\/posts"}],"about":[{"href":"https:\/\/www.europesays.com\/pt\/wp-json\/wp\/v2\/types\/post"}],"author":[{"embeddable":true,"href":"https:\/\/www.europesays.com\/pt\/wp-json\/wp\/v2\/users\/2"}],"replies":[{"embeddable":true,"href":"https:\/\/www.europesays.com\/pt\/wp-json\/wp\/v2\/comments?post=203324"}],"version-history":[{"count":0,"href":"https:\/\/www.europesays.com\/pt\/wp-json\/wp\/v2\/posts\/203324\/revisions"}],"wp:featuredmedia":[{"embeddable":true,"href":"https:\/\/www.europesays.com\/pt\/wp-json\/wp\/v2\/media\/203325"}],"wp:attachment":[{"href":"https:\/\/www.europesays.com\/pt\/wp-json\/wp\/v2\/media?parent=203324"}],"wp:term":[{"taxonomy":"category","embeddable":true,"href":"https:\/\/www.europesays.com\/pt\/wp-json\/wp\/v2\/categories?post=203324"},{"taxonomy":"post_tag","embeddable":true,"href":"https:\/\/www.europesays.com\/pt\/wp-json\/wp\/v2\/tags?post=203324"}],"curies":[{"name":"wp","href":"https:\/\/api.w.org\/{rel}","templated":true}]}}