{"id":203338,"date":"2025-12-26T14:37:24","date_gmt":"2025-12-26T14:37:24","guid":{"rendered":"https:\/\/www.europesays.com\/pt\/203338\/"},"modified":"2025-12-26T14:37:24","modified_gmt":"2025-12-26T14:37:24","slug":"cerca-de-70-presos-politicos-libertados-na-venezuela-observador","status":"publish","type":"post","link":"https:\/\/www.europesays.com\/pt\/203338\/","title":{"rendered":"Cerca de 70 presos pol\u00edticos libertados na Venezuela \u2013 Observador"},"content":{"rendered":"<p>Um total de 71 pessoas, detidas no \u00e2mbito dos protestos na sequ\u00eancia das elei\u00e7\u00f5es presidenciais de 2024 na Venezuela, foram libertadas esta quinta-feira, informou o Comit\u00e9 de M\u00e3es em Defesa da Verdade.<\/p>\n<p>Em comunicado, o\u00a0Comit\u00e9 de M\u00e3es em Defesa da Verdade\u00a0precisou que foram <strong>libertados 65 homens<\/strong> detidos na pris\u00e3o de Tocor\u00f3n, no estado de Aragua (norte), al\u00e9m de tr\u00eas mulheres que se encontravam no Centro Penitenci\u00e1rio Feminino La Cris\u00e1lida, no estado de Miranda (norte), e de tr\u00eas adolescentes no estado de La Guaira (norte).<\/p>\n<p>O comit\u00e9 congratulou-se com as liberta\u00e7\u00f5es, mas reafirmou a sua exig\u00eancia de \u201cplena liberdade\u201d para todos os detidos ap\u00f3s as elei\u00e7\u00f5es de julho do ano passado, atrav\u00e9s de uma amnistia geral. \u201cA injusti\u00e7a continua a afetar centenas de fam\u00edlias em todo o pa\u00eds\u201d, salientou, citado pela ag\u00eancia noticiosa espanhola EFE.<\/p>\n<p>As liberta\u00e7\u00f5es desta quinta-feira foram tamb\u00e9m confirmadas atrav\u00e9s da rede social X pela organiza\u00e7\u00e3o n\u00e3o-governamental Comit\u00e9 para a Liberdade dos Presos Pol\u00edticos, formado por familiares dos detidos.<\/p>\n<blockquote class=\"wp-embedded-content\" data-secret=\"S4jU0RJbGc\">\n<p><a href=\"https:\/\/observador.pt\/2025\/11\/14\/venezuela-tem-882-presos-politicos-e-cinco-sao-portugueses-com-dupla-nacionalidade\/\" rel=\"nofollow noopener\" target=\"_blank\">Venezuela tem 882 presos pol\u00edticos e cinco s\u00e3o portugueses com dupla nacionalidade<\/a><\/p>\n<\/blockquote>\n<p>A reelei\u00e7\u00e3o do Presidente Nicol\u00e1s Maduro nas elei\u00e7\u00f5es de 28 de julho de 2024 proclamada pelo \u00f3rg\u00e3o eleitoral da Venezuela, controlado por autoridades alinhadas com o chavismo, e as acusa\u00e7\u00f5es de fraude por parte da maioria da oposi\u00e7\u00e3o, que reclama a vit\u00f3ria de Edmundo Gonz\u00e1lez Urrutia, originaram grandes protestos no pa\u00eds.<\/p>\n<p>Mais de 2400 pessoas foram detidas, a maioria das quais j\u00e1 foi libertada, acusadas de serem terroristas. V\u00e1rias ONG e partidos da oposi\u00e7\u00e3o disseram tratar-se de presos pol\u00edticos. O Governo de Maduro, por sua vez, afirma que o pa\u00eds est\u00e1 \u201clivre de presos pol\u00edticos\u201d e que aqueles que s\u00e3o rotulados como tal est\u00e3o presos por \u201ccometerem crimes terr\u00edveis\u201d.<\/p>\n","protected":false},"excerpt":{"rendered":"Um total de 71 pessoas, detidas no \u00e2mbito dos protestos na sequ\u00eancia das elei\u00e7\u00f5es presidenciais de 2024 na&hellip;\n","protected":false},"author":2,"featured_media":203339,"comment_status":"","ping_status":"","sticky":false,"template":"","format":"standard","meta":{"footnotes":""},"categories":[50],"tags":[27,28,3026,15,16,14,25,26,21,22,62,12,13,19,20,302,36810,23,24,58,17,18,29,30,31,3023,63,64,65],"class_list":{"0":"post-203338","1":"post","2":"type-post","3":"status-publish","4":"format-standard","5":"has-post-thumbnail","7":"category-mundo","8":"tag-breaking-news","9":"tag-breakingnews","10":"tag-direitos-humanos","11":"tag-featured-news","12":"tag-featurednews","13":"tag-headlines","14":"tag-latest-news","15":"tag-latestnews","16":"tag-main-news","17":"tag-mainnews","18":"tag-mundo","19":"tag-news","20":"tag-noticias","21":"tag-noticias-principais","22":"tag-noticiasprincipais","23":"tag-polu00edtica","24":"tag-presos-polu00edticos","25":"tag-principais-noticias","26":"tag-principaisnoticias","27":"tag-sociedade","28":"tag-top-stories","29":"tag-topstories","30":"tag-ultimas","31":"tag-ultimas-noticias","32":"tag-ultimasnoticias","33":"tag-venezuela","34":"tag-world","35":"tag-world-news","36":"tag-worldnews"},"share_on_mastodon":{"url":"https:\/\/pubeurope.com\/@pt\/115786379631745340","error":""},"_links":{"self":[{"href":"https:\/\/www.europesays.com\/pt\/wp-json\/wp\/v2\/posts\/203338","targetHints":{"allow":["GET"]}}],"collection":[{"href":"https:\/\/www.europesays.com\/pt\/wp-json\/wp\/v2\/posts"}],"about":[{"href":"https:\/\/www.europesays.com\/pt\/wp-json\/wp\/v2\/types\/post"}],"author":[{"embeddable":true,"href":"https:\/\/www.europesays.com\/pt\/wp-json\/wp\/v2\/users\/2"}],"replies":[{"embeddable":true,"href":"https:\/\/www.europesays.com\/pt\/wp-json\/wp\/v2\/comments?post=203338"}],"version-history":[{"count":0,"href":"https:\/\/www.europesays.com\/pt\/wp-json\/wp\/v2\/posts\/203338\/revisions"}],"wp:featuredmedia":[{"embeddable":true,"href":"https:\/\/www.europesays.com\/pt\/wp-json\/wp\/v2\/media\/203339"}],"wp:attachment":[{"href":"https:\/\/www.europesays.com\/pt\/wp-json\/wp\/v2\/media?parent=203338"}],"wp:term":[{"taxonomy":"category","embeddable":true,"href":"https:\/\/www.europesays.com\/pt\/wp-json\/wp\/v2\/categories?post=203338"},{"taxonomy":"post_tag","embeddable":true,"href":"https:\/\/www.europesays.com\/pt\/wp-json\/wp\/v2\/tags?post=203338"}],"curies":[{"name":"wp","href":"https:\/\/api.w.org\/{rel}","templated":true}]}}