{"id":203394,"date":"2025-12-26T15:16:31","date_gmt":"2025-12-26T15:16:31","guid":{"rendered":"https:\/\/www.europesays.com\/pt\/203394\/"},"modified":"2025-12-26T15:16:31","modified_gmt":"2025-12-26T15:16:31","slug":"avancado-croata-esteve-perto-do-benfica-pediram-para-esperar-por-um-jogo","status":"publish","type":"post","link":"https:\/\/www.europesays.com\/pt\/203394\/","title":{"rendered":"Avan\u00e7ado croata esteve perto do Benfica: \u00abPediram para esperar por um jogo\u00bb"},"content":{"rendered":"<p style=\"margin-bottom:11px\">Toni Fruk, internacional croata de 24 anos, confirmou que esteve perto de refor\u00e7ar o Benfica no \u00faltimo ver\u00e3o. \u00abDependia de o clube se qualificar para a Liga dos Campe\u00f5es ou para a Liga Europa\u00bb, contou o avan\u00e7ado do Rijeka em entrevista ao jornal croata Dnevnik.<\/p>\n<p>\u00abFoi uma situa\u00e7\u00e3o estranha. O treinador disse-me para esperar pelo jogo, para ver como corria. Tudo ia depender do or\u00e7amento que (o Benfica) teria para contratar jogadores\u00bb, explicou Fruk, que chegou a brincar com o companheiro de sele\u00e7\u00e3o, e jogador das \u00e1guias, Franjo Ivanovic sobre o tema.<\/p>\n<p>\u00abDisse-lhe: \u201ctinham de seguir em frente, podiam ter deixado passar\u2026\u201d.\u00a0 Mas ser\u00e1 como tiver de ser, como tem sido at\u00e9 aqui\u00bb, referiu.<\/p>\n<p>Eleito o melhor jogador do ano da Liga croata, Toni Fruk \u00e9 uma das figuras principais do campe\u00e3o Rijeka, onde tem como companheiro de equipa o portugu\u00eas Tiago Dantas.<\/p>\n","protected":false},"excerpt":{"rendered":"Toni Fruk, internacional croata de 24 anos, confirmou que esteve perto de refor\u00e7ar o Benfica no \u00faltimo ver\u00e3o.&hellip;\n","protected":false},"author":2,"featured_media":203395,"comment_status":"","ping_status":"","sticky":false,"template":"","format":"standard","meta":{"footnotes":""},"categories":[87],"tags":[51,135,1356,46,40,42,41,32,33,47,28599,134,40372,35],"class_list":{"0":"post-203394","1":"post","2":"type-post","3":"status-publish","4":"format-standard","5":"has-post-thumbnail","7":"category-desporto","8":"tag-benfica","9":"tag-desporto","10":"tag-mais-futebol","11":"tag-maisfutebol","12":"tag-maistransferencias","13":"tag-mercado","14":"tag-mercado-de-transferencias","15":"tag-portugal","16":"tag-pt","17":"tag-pura-paixao","18":"tag-rijeka","19":"tag-sports","20":"tag-toni-fruk","21":"tag-transferencias"},"share_on_mastodon":{"url":"https:\/\/pubeurope.com\/@pt\/115786533175480397","error":""},"_links":{"self":[{"href":"https:\/\/www.europesays.com\/pt\/wp-json\/wp\/v2\/posts\/203394","targetHints":{"allow":["GET"]}}],"collection":[{"href":"https:\/\/www.europesays.com\/pt\/wp-json\/wp\/v2\/posts"}],"about":[{"href":"https:\/\/www.europesays.com\/pt\/wp-json\/wp\/v2\/types\/post"}],"author":[{"embeddable":true,"href":"https:\/\/www.europesays.com\/pt\/wp-json\/wp\/v2\/users\/2"}],"replies":[{"embeddable":true,"href":"https:\/\/www.europesays.com\/pt\/wp-json\/wp\/v2\/comments?post=203394"}],"version-history":[{"count":0,"href":"https:\/\/www.europesays.com\/pt\/wp-json\/wp\/v2\/posts\/203394\/revisions"}],"wp:featuredmedia":[{"embeddable":true,"href":"https:\/\/www.europesays.com\/pt\/wp-json\/wp\/v2\/media\/203395"}],"wp:attachment":[{"href":"https:\/\/www.europesays.com\/pt\/wp-json\/wp\/v2\/media?parent=203394"}],"wp:term":[{"taxonomy":"category","embeddable":true,"href":"https:\/\/www.europesays.com\/pt\/wp-json\/wp\/v2\/categories?post=203394"},{"taxonomy":"post_tag","embeddable":true,"href":"https:\/\/www.europesays.com\/pt\/wp-json\/wp\/v2\/tags?post=203394"}],"curies":[{"name":"wp","href":"https:\/\/api.w.org\/{rel}","templated":true}]}}