{"id":203422,"date":"2025-12-26T15:36:16","date_gmt":"2025-12-26T15:36:16","guid":{"rendered":"https:\/\/www.europesays.com\/pt\/203422\/"},"modified":"2025-12-26T15:36:16","modified_gmt":"2025-12-26T15:36:16","slug":"cinco-mortos-em-queda-de-helicoptero-no-monte-kilimanjaro","status":"publish","type":"post","link":"https:\/\/www.europesays.com\/pt\/203422\/","title":{"rendered":"Cinco mortos em queda de helic\u00f3ptero no monte Kilimanjaro"},"content":{"rendered":"<p>Cinco pessoas morreram esta quarta-feira, 24 de dezembro, na sequ\u00eancia da queda de um helic\u00f3ptero na montanha mais alta de \u00c1frica, o monte Kilimanjaro, no norte da Tanz\u00e2nia.<\/p>\n<p>Segundo a <a aria-label=\"content\" target=\"_blank\" href=\"https:\/\/news.sky.com\/story\/five-dead-in-a-helicopter-crash-on-mount-kilimanjaro-africas-highest-mountain-13487336\" rel=\"nofollow noopener\">Sky News<\/a>, que cita as autoridades locais, o acidente ocorreu quando o helic\u00f3ptero realizava uma opera\u00e7\u00e3o de resgate, para recolher duas pessoas a necessitar de assist\u00eancia m\u00e9dica.<\/p>\n<p>As v\u00edtimas mortais s\u00e3o as duas pessoas resgatadas (ambos cidad\u00e3os estrangeiros), um m\u00e9dico local, um guia tur\u00edstico e o piloto da aeronave.<\/p>\n<p>O helic\u00f3ptero ter\u00e1 ca\u00eddo de uma altitude de cerca de 4 mil metros.<\/p>\n<p>A Autoridade de Avia\u00e7\u00e3o Civil da Tanz\u00e2nia abriu um inqu\u00e9rito para tentar apurar as causas do acidente e perceber se todas as normas de seguran\u00e7a foram cumpridas.<\/p>\n<p>Acidentes a\u00e9reos no monte Kilimanjaro s\u00e3o raros. O \u00faltimo registado ocorreu em novembro de 2008, quando quatro pessoas morreram.<\/p>\n","protected":false},"excerpt":{"rendered":"Cinco pessoas morreram esta quarta-feira, 24 de dezembro, na sequ\u00eancia da queda de um helic\u00f3ptero na montanha mais&hellip;\n","protected":false},"author":2,"featured_media":203423,"comment_status":"","ping_status":"","sticky":false,"template":"","format":"standard","meta":{"footnotes":""},"categories":[50],"tags":[11164,27,28,15,16,14,25,26,21,22,40385,62,12,13,19,20,23,24,31713,17,18,29,30,31,63,64,65],"class_list":{"0":"post-203422","1":"post","2":"type-post","3":"status-publish","4":"format-standard","5":"has-post-thumbnail","7":"category-mundo","8":"tag-acidente-aereo","9":"tag-breaking-news","10":"tag-breakingnews","11":"tag-featured-news","12":"tag-featurednews","13":"tag-headlines","14":"tag-latest-news","15":"tag-latestnews","16":"tag-main-news","17":"tag-mainnews","18":"tag-monte-kilimanjaro","19":"tag-mundo","20":"tag-news","21":"tag-noticias","22":"tag-noticias-principais","23":"tag-noticiasprincipais","24":"tag-principais-noticias","25":"tag-principaisnoticias","26":"tag-tanzania","27":"tag-top-stories","28":"tag-topstories","29":"tag-ultimas","30":"tag-ultimas-noticias","31":"tag-ultimasnoticias","32":"tag-world","33":"tag-world-news","34":"tag-worldnews"},"share_on_mastodon":{"url":"https:\/\/pubeurope.com\/@pt\/115786611625807300","error":""},"_links":{"self":[{"href":"https:\/\/www.europesays.com\/pt\/wp-json\/wp\/v2\/posts\/203422","targetHints":{"allow":["GET"]}}],"collection":[{"href":"https:\/\/www.europesays.com\/pt\/wp-json\/wp\/v2\/posts"}],"about":[{"href":"https:\/\/www.europesays.com\/pt\/wp-json\/wp\/v2\/types\/post"}],"author":[{"embeddable":true,"href":"https:\/\/www.europesays.com\/pt\/wp-json\/wp\/v2\/users\/2"}],"replies":[{"embeddable":true,"href":"https:\/\/www.europesays.com\/pt\/wp-json\/wp\/v2\/comments?post=203422"}],"version-history":[{"count":0,"href":"https:\/\/www.europesays.com\/pt\/wp-json\/wp\/v2\/posts\/203422\/revisions"}],"wp:featuredmedia":[{"embeddable":true,"href":"https:\/\/www.europesays.com\/pt\/wp-json\/wp\/v2\/media\/203423"}],"wp:attachment":[{"href":"https:\/\/www.europesays.com\/pt\/wp-json\/wp\/v2\/media?parent=203422"}],"wp:term":[{"taxonomy":"category","embeddable":true,"href":"https:\/\/www.europesays.com\/pt\/wp-json\/wp\/v2\/categories?post=203422"},{"taxonomy":"post_tag","embeddable":true,"href":"https:\/\/www.europesays.com\/pt\/wp-json\/wp\/v2\/tags?post=203422"}],"curies":[{"name":"wp","href":"https:\/\/api.w.org\/{rel}","templated":true}]}}