{"id":203432,"date":"2025-12-26T15:44:12","date_gmt":"2025-12-26T15:44:12","guid":{"rendered":"https:\/\/www.europesays.com\/pt\/203432\/"},"modified":"2025-12-26T15:44:12","modified_gmt":"2025-12-26T15:44:12","slug":"efaics-2026-e-lancada-com-shows-nacionais-e-promete-entrar-para-a-historia-confira-radio-rural","status":"publish","type":"post","link":"https:\/\/www.europesays.com\/pt\/203432\/","title":{"rendered":"EFAICS 2026 \u00e9 lan\u00e7ada com shows nacionais e promete entrar para a hist\u00f3ria. Confira! &#8211; R\u00e1dio Rural"},"content":{"rendered":"<ol>\n<li><a href=\"https:\/\/news.google.com\/rss\/articles\/CBMi1gFBVV95cUxQaWhscGpZYk9xeUgwQXFPd2VSbEx3YWx1ZjZvU3RiWHkxbnY5bER1OWVlV3BRTkFpVEM4YldUX0QzelFycFBfalhwTXFEck13emhkVkhqNFVxU3ZBbGh2V2RfUWdvRnE0US13NkJYd1dPVnVsOXJzdmtfUWFfTWpENHkzM1JyMk9IbUg4R2JBWll6LVRCNklvXzN3U1lYSWlFbVJIUzIteDI1Q2dsNXR6XzZpWmpGMzNFYm9udk9Yblg2SlZZOWlYTlJNX1VHSGJjSHByZXhn?oc=5\" target=\"_blank\" rel=\"nofollow noopener\">EFAICS 2026 \u00e9 lan\u00e7ada com shows nacionais e promete entrar para a hist\u00f3ria. Confira!<\/a>&nbsp;&nbsp;R\u00e1dio Rural<\/li>\n<li><a href=\"https:\/\/news.google.com\/rss\/articles\/CBMipAFBVV95cUxObWdNNXZRaF94bWo3M1FwX3Rpd040ZF9TamZobnpXWTg2bEdzb0RqVlF6MHNRajdZVUNOYjFqSVlLYk1oWUl3Z1NKN1Y5UHBqcEhRZVB4VUZIT3ZucUxNSmlobFBOZURpRHZzN1c5a1gzbGZuZC1LOVJ3cXdlTmh2Mkk0aG5rSWVQTlFIZkQ5M0pBWHN6bGtIbUt1Um1iQUstN2RLNg?oc=5\" target=\"_blank\" rel=\"nofollow noopener\">EFAICS 2026 confirma quatro dias de shows gratuitos em Seara<\/a>&nbsp;&nbsp;Lance | Seara<\/li>\n<li><a href=\"https:\/\/news.google.com\/rss\/articles\/CBMihgFBVV95cUxOYnh6QjluaGFhcVBYS1RSOVVmRkx5djZPMVZ5Yk5BLVB6a0RfdGlHZTdmbEVwUmtNNnNEcnZjRWloelgweld0VjNUeVdudHMwcXBQNnBXaE5FOTU4Vl9YYVE1TFVCYWxybktjaVF4OUltWkxwWjdGNUVpS0tjbFhBNThVWEFvUdIBdkFVX3lxTE9vanlzQUp5YjllMmJRaGltUWh0U1hXQXlDTnRUQUJ5NGZzRmYxYXhWS1FqeTZQOUFmNHhrV21Hdl9vakI2NllaQktlZVRlSk01cDQzTXdaQXl3eWlpVVBQX18wMGllLU44WWVudzc0RUVHX0d6bXc?oc=5\" target=\"_blank\" rel=\"nofollow noopener\">Efaics, feira de Seara, ter\u00e1 shows nacionais<\/a>&nbsp;&nbsp;Alian\u00e7a News<\/li>\n<li><a href=\"https:\/\/news.google.com\/rss\/articles\/CBMitgFBVV95cUxPaHlUOW1pMFU4elJ6SXVyX3JCdkt3YldENzJPOWZramR6RVFvZmJfNmR2Z0pvVERxbFVZbHpyTG1HR2R0QzZFZURPeHhVQ0J1UjNrYzhaTFlfVHY2TE5NdndJeGtVU3FYMGxxbkdvNl9RdUxsZ0RKS19FZm9EQVd4eEd5NWt3Yl9qVnBmeUVaUTdPdlZtNmFtQ3RqX3JtRGdHUWZXUE9RR1l1NWRwWlhHeDV3YlUxZw?oc=5\" target=\"_blank\" rel=\"nofollow noopener\">Seara lan\u00e7a EFAICS 2026 nesta segunda e anuncia shows com acesso gratuito<\/a>&nbsp;&nbsp;Lance | Seara<\/li>\n<li><a href=\"https:\/\/news.google.com\/rss\/articles\/CBMilAFBVV95cUxNRFNLNlo0LXhkejJaMEYtcFpEOVpZQjhTWkUyMUlXQTJUSHo1SHhfbEFkTVM3WkszQU1aaXdoR3ZXci10aG1SaTdQTWhvSkg2eUViS2pmSEQtYXM2WldWTGMyaW5MMFNtOTlWQ0Rzelp3ZjJNbEkybTVrRTc5WEdxUDFzeFFHb05NQkxLUWRpMVJ6MlVQ?oc=5\" target=\"_blank\" rel=\"nofollow noopener\">Anunciadas as atra\u00e7\u00f5es da Efaics 2026, de 12 a 15 de mar\u00e7o, em Seara<\/a>&nbsp;&nbsp;BelosF7<\/li>\n<\/ol>\n","protected":false},"excerpt":{"rendered":"EFAICS 2026 \u00e9 lan\u00e7ada com shows nacionais e promete entrar para a hist\u00f3ria. Confira!&nbsp;&nbsp;R\u00e1dio Rural EFAICS 2026 confirma&hellip;\n","protected":false},"author":2,"featured_media":203433,"comment_status":"","ping_status":"","sticky":false,"template":"","format":"standard","meta":{"footnotes":""},"categories":[141],"tags":[562,726,2733,2731,476,539,2258,114,115,1062,986,2732,149,150,1086,52,32,33,3551,117],"class_list":{"0":"post-203432","1":"post","2":"type-post","3":"status-publish","4":"format-standard","5":"has-post-thumbnail","7":"category-musica","8":"tag-agricultura","9":"tag-brasil","10":"tag-carnaval","11":"tag-dicas-do-dia","12":"tag-economia","13":"tag-educacao","14":"tag-eleicoes","15":"tag-entertainment","16":"tag-entretenimento","17":"tag-esportes","18":"tag-estado","19":"tag-geral","20":"tag-music","21":"tag-musica","22":"tag-policia","23":"tag-politica","24":"tag-portugal","25":"tag-pt","26":"tag-regiao","27":"tag-saude"},"share_on_mastodon":{"url":"https:\/\/pubeurope.com\/@pt\/115786643272827510","error":""},"_links":{"self":[{"href":"https:\/\/www.europesays.com\/pt\/wp-json\/wp\/v2\/posts\/203432","targetHints":{"allow":["GET"]}}],"collection":[{"href":"https:\/\/www.europesays.com\/pt\/wp-json\/wp\/v2\/posts"}],"about":[{"href":"https:\/\/www.europesays.com\/pt\/wp-json\/wp\/v2\/types\/post"}],"author":[{"embeddable":true,"href":"https:\/\/www.europesays.com\/pt\/wp-json\/wp\/v2\/users\/2"}],"replies":[{"embeddable":true,"href":"https:\/\/www.europesays.com\/pt\/wp-json\/wp\/v2\/comments?post=203432"}],"version-history":[{"count":0,"href":"https:\/\/www.europesays.com\/pt\/wp-json\/wp\/v2\/posts\/203432\/revisions"}],"wp:featuredmedia":[{"embeddable":true,"href":"https:\/\/www.europesays.com\/pt\/wp-json\/wp\/v2\/media\/203433"}],"wp:attachment":[{"href":"https:\/\/www.europesays.com\/pt\/wp-json\/wp\/v2\/media?parent=203432"}],"wp:term":[{"taxonomy":"category","embeddable":true,"href":"https:\/\/www.europesays.com\/pt\/wp-json\/wp\/v2\/categories?post=203432"},{"taxonomy":"post_tag","embeddable":true,"href":"https:\/\/www.europesays.com\/pt\/wp-json\/wp\/v2\/tags?post=203432"}],"curies":[{"name":"wp","href":"https:\/\/api.w.org\/{rel}","templated":true}]}}