{"id":203446,"date":"2025-12-26T15:52:30","date_gmt":"2025-12-26T15:52:30","guid":{"rendered":"https:\/\/www.europesays.com\/pt\/203446\/"},"modified":"2025-12-26T15:52:30","modified_gmt":"2025-12-26T15:52:30","slug":"tempos-de-espera-em-hospitais-urgencias-de-matosinhos-excedem-as-12-horas","status":"publish","type":"post","link":"https:\/\/www.europesays.com\/pt\/203446\/","title":{"rendered":"Tempos de espera em hospitais. Urg\u00eancias de Matosinhos excedem as 12 horas"},"content":{"rendered":"<p>                Os utentes considerados urgentes no Hospital Pedro Hispano, em Matosinhos, enfrentavam, ao in\u00edcio da manh\u00e3 desta sexta-feira, mais de 12 horas de espera por uma primeira observa\u00e7\u00e3o no servi\u00e7o de urg\u00eancia geral.<\/p>\n<p>Pelas 8h30, de acordo com o portal do Servi\u00e7o Nacional de Sa\u00fade,<b> havia sete doentes com pulseira amarela e um utente com pulseira laranja, ou seja, muito urgente, aguardar a primeira observa\u00e7\u00e3o na urg\u00eancia em Matosinhos<\/b>.No caso dos doentes com pulseira laranja, o tempo de espera recomendado \u00e9 de dez minutos depois da triagem.<br \/>&#13;\n<\/p>\n<p>J\u00e1 <b>no Hospital Amadora-Sintra, onde no Natal o tempo m\u00e9dio de espera se acercou das 16 horas, dez utentes teriam, \u00e0s 8h30 desta sexta-feira, de esperar quase quatro<\/b>. O portal do SNS referia ainda, \u00e0quela hora, <b>cinco doentes muito urgentes com um tempo de espera de 50 minutos para a primeira observa\u00e7\u00e3o<\/b>.<\/p>\n<p><b>Em Vila Franca de Xira, 12 utentes com pulseira amarela aguardavam perto de cinco horas, mais tr\u00eas minutos do que no Hospital de Braga<\/b>.A sul, no Hospital de Portim\u00e3o, o tempo de espera para os utentes com pulseira amarela ultrapassava ligeiramente as quatro horas, \u00e0s 8h30.<br \/>&#13;\n<\/p>\n<p><b>Nove doentes urgentes no Hospital Esp\u00edrito Santo, em \u00c9vora, esperavam quase sete horas<\/b> pela primeira observa\u00e7\u00e3o, ao passo que <b>no Garcia de Orta, em Almada, o tempo era de cerca de tr\u00eas horas, tal como nas urg\u00eancias do Hospital do Barreiro<\/b>, de resto.<\/p>\n<p><b>No Hospital de Santa Maria, em Lisboa, e no Beatriz \u00c2ngelo, em Loures, o tempo de espera para os doentes com pulseira amarela era de aproximadamente duas horas<\/b>. De acordo com o sistema de triagem, as situa\u00e7\u00f5es muito urgentes t\u00eam um atendimento recomendado de dez minutos ap\u00f3s a triagem. Os casos urgentes n\u00e3o devem aguardar mais de 60 minutos e os pouco urgentes 120 minutos.<\/p>\n<p>As autoridades apelam \u00e0s popula\u00e7\u00f5es para que contactem a Linha SNS24 (808 24 24 24) antes de procurarem servi\u00e7os de urg\u00eancia.<br \/>&#13;<br \/>\nObstetr\u00edcia e ginecologia. Cinco urg\u00eancias fechadas ap\u00f3s o Natal<br \/>&#13;<br \/>\n<br \/>&#13;<br \/>\nAs urg\u00eancias de ginecologia e obstetr\u00edcia dos hospitais de Portim\u00e3o, Barreiro, Set\u00fabal e Santar\u00e9m est\u00e3o esta sexta-feira fechadas. Em Vila Franca de Xira est\u00e1 encerrada apenas a urg\u00eancia de obstetr\u00edcia.  <\/p>\n<p><b>No caso das urg\u00eancias de obstetr\u00edcia do hospital do Barreiro, o bloco de partos est\u00e1 encerrado desde as 8h00 de 25 de dezembro e s\u00f3 vai reabrir \u00e0s 8h00 de 3 de janeiro<\/b>.<\/p>\n<p>\u00c9 a segunda vez em 2025 que o servi\u00e7o est\u00e1 encerrado durante dez dias consecutivos. O mesmo j\u00e1 tinha acontecido em julho.J\u00e1 em outubro, o bloco de partos do hospital do Barreiro esteve de portas fechadas durante sete dias.<br \/>&#13;\n<\/p>\n<p><b>Est\u00e3o ainda condicionadas as urg\u00eancias de pediatria nos hospitais de Vila Franca de Xira e de Barcelos em determinados per\u00edodos hor\u00e1rios<\/b>. Vila Franca e Barcelos apenas est\u00e3o a receber utentes referenciados pelo CODU e pelo INEM. <\/p>\n<p>O mesmo acontece com a obstetr\u00edcia nos hospitais de Portalegre, Leiria, Abrantes, S\u00e3o Francisco Xavier em Lisboa e Amadora-Sintra.Em alguns dos casos os condicionamentos s\u00e3o durante todo o dia.<br \/>&#13;<br \/>\n&#13;\n<\/p>\n<p><b>Em Braga, durante todo o dia, s\u00f3 est\u00e3o a ser atendidas urg\u00eancias internas e as referenciadas pelo CODU, INEM e SNS 24.<\/b> <\/p>\n<p>No s\u00e1bado, \u00e0s urg\u00eancias de obstetr\u00edcia e ginecologia de Portim\u00e3o, Barreiro e Santar\u00e9m, juntam-se Abrantes e Caldas da Rainha.<\/p>\n<p>c\/ Lusa&#13;\n            <\/p>\n","protected":false},"excerpt":{"rendered":"Os utentes considerados urgentes no Hospital Pedro Hispano, em Matosinhos, enfrentavam, ao in\u00edcio da manh\u00e3 desta sexta-feira, mais&hellip;\n","protected":false},"author":2,"featured_media":203447,"comment_status":"","ping_status":"","sticky":false,"template":"","format":"standard","meta":{"footnotes":""},"categories":[10],"tags":[15877,27,28,27961,15,16,40386,17774,14,25,26,21,22,12,13,19,20,32,23,24,33,17,18,29,30,31],"class_list":{"0":"post-203446","1":"post","2":"type-post","3":"status-publish","4":"format-standard","5":"has-post-thumbnail","7":"category-portugal","8":"tag-beatriz-angelo","9":"tag-breaking-news","10":"tag-breakingnews","11":"tag-espirito","12":"tag-featured-news","13":"tag-featurednews","14":"tag-franca-xira","15":"tag-garcia","16":"tag-headlines","17":"tag-latest-news","18":"tag-latestnews","19":"tag-main-news","20":"tag-mainnews","21":"tag-news","22":"tag-noticias","23":"tag-noticias-principais","24":"tag-noticiasprincipais","25":"tag-portugal","26":"tag-principais-noticias","27":"tag-principaisnoticias","28":"tag-pt","29":"tag-top-stories","30":"tag-topstories","31":"tag-ultimas","32":"tag-ultimas-noticias","33":"tag-ultimasnoticias"},"share_on_mastodon":{"url":"https:\/\/pubeurope.com\/@pt\/115786674825068482","error":""},"_links":{"self":[{"href":"https:\/\/www.europesays.com\/pt\/wp-json\/wp\/v2\/posts\/203446","targetHints":{"allow":["GET"]}}],"collection":[{"href":"https:\/\/www.europesays.com\/pt\/wp-json\/wp\/v2\/posts"}],"about":[{"href":"https:\/\/www.europesays.com\/pt\/wp-json\/wp\/v2\/types\/post"}],"author":[{"embeddable":true,"href":"https:\/\/www.europesays.com\/pt\/wp-json\/wp\/v2\/users\/2"}],"replies":[{"embeddable":true,"href":"https:\/\/www.europesays.com\/pt\/wp-json\/wp\/v2\/comments?post=203446"}],"version-history":[{"count":0,"href":"https:\/\/www.europesays.com\/pt\/wp-json\/wp\/v2\/posts\/203446\/revisions"}],"wp:featuredmedia":[{"embeddable":true,"href":"https:\/\/www.europesays.com\/pt\/wp-json\/wp\/v2\/media\/203447"}],"wp:attachment":[{"href":"https:\/\/www.europesays.com\/pt\/wp-json\/wp\/v2\/media?parent=203446"}],"wp:term":[{"taxonomy":"category","embeddable":true,"href":"https:\/\/www.europesays.com\/pt\/wp-json\/wp\/v2\/categories?post=203446"},{"taxonomy":"post_tag","embeddable":true,"href":"https:\/\/www.europesays.com\/pt\/wp-json\/wp\/v2\/tags?post=203446"}],"curies":[{"name":"wp","href":"https:\/\/api.w.org\/{rel}","templated":true}]}}