{"id":203454,"date":"2025-12-26T15:59:10","date_gmt":"2025-12-26T15:59:10","guid":{"rendered":"https:\/\/www.europesays.com\/pt\/203454\/"},"modified":"2025-12-26T15:59:10","modified_gmt":"2025-12-26T15:59:10","slug":"tudo-que-chega-ao-prime-video-em-janeiro-de-2026","status":"publish","type":"post","link":"https:\/\/www.europesays.com\/pt\/203454\/","title":{"rendered":"Tudo que chega ao Prime Video em janeiro de 2026"},"content":{"rendered":"<p class=\"wp-block-yoast-seo-estimated-reading-time yoast-reading-time__wrapper\">Estimated reading time: 2 minutos<\/p>\n<p>Comprometida em come\u00e7ar o ano de 2026 em grande estilo, o <a href=\"https:\/\/ovicio.com.br\/tag\/prime-video\" rel=\"nofollow noopener\" target=\"_blank\">Prime Video<\/a> est\u00e1 revelando sua lista completa de lan\u00e7amentos para o m\u00eas de janeiro, incluindo <a href=\"https:\/\/ovicio.com.br\/tag\/jurassic-world-recomeco\" target=\"_blank\" rel=\"noreferrer noopener nofollow\">Jurassic World: Recome\u00e7o (2025)<\/a> e mais.<\/p>\n<p>Com novidades que contemplam todo o primeiro m\u00eas do pr\u00f3ximo ano, confira abaixo o que ser\u00e1 adicionado ao cat\u00e1logo do streaming nos pr\u00f3ximos dias:<\/p>\n<p>Filmes<img fetchpriority=\"high\" decoding=\"async\" width=\"1024\" height=\"576\" src=\"https:\/\/www.europesays.com\/pt\/wp-content\/uploads\/2025\/12\/20250513-ana-de-armas-lutando-em-bailarina-1024x576.webp.webp\" alt=\"Ana de Armas lutando em Bailarina\" class=\"lazyload wp-image-737217\"  data-\/>Reprodu\u00e7\u00e3o\/Lionsgate<\/p>\n<ul class=\"wp-block-list\">\n<li><strong>Der Tiger<\/strong> (02\/01)<\/li>\n<li><strong>Li\u00e7\u00f5es de Liberdade<\/strong> (02\/01)<\/li>\n<li><strong>Sigue Mi Voz<\/strong> (02\/01)<\/li>\n<li><strong>Jurassic World: Recome\u00e7o<\/strong> (03\/01)<\/li>\n<li><strong>\u00c9 Assim Que Acaba<\/strong> (09\/01)<\/li>\n<li><strong>Guerra Oculta<\/strong> (09\/01)<\/li>\n<li><strong>Senten\u00e7a de Morte<\/strong> (14\/01)<\/li>\n<li><strong>The Blind <\/strong>(14\/01)<\/li>\n<li><strong>Jane<\/strong> (16\/01)<\/li>\n<li><strong>Preparation for the Next Life<\/strong> (19\/01)<\/li>\n<li><strong>Amores \u00e0 Parte<\/strong> (21\/01)<\/li>\n<li><strong>Bailarina<\/strong> (23\/01)<\/li>\n<li><strong>Pequenas Cartas Obscenas<\/strong> (27\/01)<\/li>\n<li><strong>Dupla Perigosa<\/strong> (28\/01)<\/li>\n<li><strong>O Padeiro<\/strong> (28\/01)<\/li>\n<li><strong>Terror em Shelby Oaks<\/strong> (31\/01)<\/li>\n<\/ul>\n<p>S\u00e9ries<img loading=\"lazy\" decoding=\"async\" width=\"1024\" height=\"576\" src=\"https:\/\/www.europesays.com\/pt\/wp-content\/uploads\/2025\/12\/20251226-gerente-da-noite-com-tom-hiddleston-1024x576.jpg\" alt=\"Gerente da Noite, com Tom Hiddleston\" class=\"lazyload wp-image-881500\"  data-\/><\/p>\n<ul class=\"wp-block-list\">\n<li><strong>All Her Fault<\/strong>, 1\u00aa temporada (02\/01)<\/li>\n<li><strong>Spring Fever<\/strong>, 1\u00aa temporada (05\/01)<\/li>\n<li><strong>O Incidente de Darwin<\/strong>, 1\u00aa temporada (06\/01)<\/li>\n<li><strong>Beast Games<\/strong>, 2\u00aa temporada (07\/01)<\/li>\n<li><strong>O Gerente da Noite<\/strong>, 2\u00aa temporada (11\/01)<\/li>\n<li><strong>O Roubo<\/strong>, 1\u00aa temporada (21\/01)<\/li>\n<\/ul>\n<p>Loja Prime Video<img loading=\"lazy\" decoding=\"async\" width=\"1024\" height=\"576\" src=\"https:\/\/www.europesays.com\/pt\/wp-content\/uploads\/2025\/12\/20251103-ovicio-truque-mestre-1024x576.jpg\" alt=\"Trailer Truque de Mestre\" class=\"lazyload wp-image-852444\"  data-\/>Reprodu\u00e7\u00e3o\/Lionsgate<\/p>\n<ul class=\"wp-block-list\">\n<li><strong>Truque de Mestre: O 3\u00ba Ato<\/strong> (01\/01)<\/li>\n<\/ul>\n<p>Leia mais sobre o Prime Video:<\/p>\n<ul class=\"wp-block-list\">\n<li><a href=\"https:\/\/profile.google.com\/cp\/Cg0vZy8xMXkxcXl6eHZ2\" target=\"_blank\" rel=\"noreferrer noopener nofollow\">Siga o O V\u00edcio no Google e n\u00e3o perca nada sobre Cultura Pop!<\/a><\/li>\n<li><a href=\"https:\/\/ovicio.com.br\/fallout-prime-video-esta-desenvolvendo-reality-show-da-franquia\/\" target=\"_blank\" rel=\"noreferrer noopener nofollow\">Fallout | Prime Video est\u00e1 desenvolvendo reality show da franquia<\/a><\/li>\n<li><a href=\"https:\/\/ovicio.com.br\/com-franquia-de-007-e-outras-producoes-netflix-e-prime-video-anunciam-acordo-chocante\/\" target=\"_blank\" rel=\"noreferrer noopener nofollow\">Com franquia de 007 e outras produ\u00e7\u00f5es, Netflix e Prime Video anunciam acordo chocante<\/a><\/li>\n<\/ul>\n<p><strong>Fonte:<\/strong> Amazon release.<\/p>\n","protected":false},"excerpt":{"rendered":"Estimated reading time: 2 minutos Comprometida em come\u00e7ar o ano de 2026 em grande estilo, o Prime Video&hellip;\n","protected":false},"author":2,"featured_media":203455,"comment_status":"","ping_status":"","sticky":false,"template":"","format":"standard","meta":{"footnotes":""},"categories":[140],"tags":[12703,1661,40388,31741,114,115,147,148,3923,13413,146,40389,32,1587,33,40390,40391,40392],"class_list":{"0":"post-203454","1":"post","2":"type-post","3":"status-publish","4":"format-standard","5":"has-post-thumbnail","7":"category-filmes","8":"tag-bailarina","9":"tag-destaque","10":"tag-dupla-perigosa","11":"tag-e-assim-que-acaba","12":"tag-entertainment","13":"tag-entretenimento","14":"tag-film","15":"tag-filmes","16":"tag-jurassic-world","17":"tag-jurassic-world-recomeco","18":"tag-movies","19":"tag-o-gerente-da-noite","20":"tag-portugal","21":"tag-prime-video","22":"tag-pt","23":"tag-terror-em-shelby-oaks","24":"tag-truque-de-mestre-3","25":"tag-truque-de-mestre-o-3o-ato"},"share_on_mastodon":{"url":"https:\/\/pubeurope.com\/@pt\/115786702917853719","error":""},"_links":{"self":[{"href":"https:\/\/www.europesays.com\/pt\/wp-json\/wp\/v2\/posts\/203454","targetHints":{"allow":["GET"]}}],"collection":[{"href":"https:\/\/www.europesays.com\/pt\/wp-json\/wp\/v2\/posts"}],"about":[{"href":"https:\/\/www.europesays.com\/pt\/wp-json\/wp\/v2\/types\/post"}],"author":[{"embeddable":true,"href":"https:\/\/www.europesays.com\/pt\/wp-json\/wp\/v2\/users\/2"}],"replies":[{"embeddable":true,"href":"https:\/\/www.europesays.com\/pt\/wp-json\/wp\/v2\/comments?post=203454"}],"version-history":[{"count":0,"href":"https:\/\/www.europesays.com\/pt\/wp-json\/wp\/v2\/posts\/203454\/revisions"}],"wp:featuredmedia":[{"embeddable":true,"href":"https:\/\/www.europesays.com\/pt\/wp-json\/wp\/v2\/media\/203455"}],"wp:attachment":[{"href":"https:\/\/www.europesays.com\/pt\/wp-json\/wp\/v2\/media?parent=203454"}],"wp:term":[{"taxonomy":"category","embeddable":true,"href":"https:\/\/www.europesays.com\/pt\/wp-json\/wp\/v2\/categories?post=203454"},{"taxonomy":"post_tag","embeddable":true,"href":"https:\/\/www.europesays.com\/pt\/wp-json\/wp\/v2\/tags?post=203454"}],"curies":[{"name":"wp","href":"https:\/\/api.w.org\/{rel}","templated":true}]}}