{"id":203472,"date":"2025-12-26T16:12:10","date_gmt":"2025-12-26T16:12:10","guid":{"rendered":"https:\/\/www.europesays.com\/pt\/203472\/"},"modified":"2025-12-26T16:12:10","modified_gmt":"2025-12-26T16:12:10","slug":"picardia-sem-fim-liliana-apelida-leandro-de-gru-maldisposto-secret-story","status":"publish","type":"post","link":"https:\/\/www.europesays.com\/pt\/203472\/","title":{"rendered":"Picardia sem fim. Liliana apelida Leandro de &#8220;Gru Maldisposto&#8221; &#8211; Secret Story"},"content":{"rendered":"<p>No Secret Story 9, Leandro e Liliana picam-se no jardim e a concorrente acaba por apelid\u00e1-lo de &#8220;Gru Maldisposto&#8221;. Leandro n\u00e3o deixou a colega sem resposta. Veja o v\u00eddeo.\u00a0<\/p>\n<p><strong>Vote para salvar o seu concorrente preferido. E pode faz\u00ea-lo quer atrav\u00e9s das linhas telef\u00f3nicas, quer atrav\u00e9s da APP do TVI reality:\u00a0<\/strong><\/p>\n<p>Pedro &#8211; 761 20 20 18<br \/>Leandro &#8211; 761 20 20 12<br \/>In\u00eas &#8211; 761 20 20 10<\/p>\n<p><a href=\"https:\/\/tvi.iol.pt\/secretstory\/aominuto\" wbo-id=\"32\" rel=\"nofollow noopener\" target=\"_blank\">Veja aqui tudo o que se passa na casa do Secret Story 9!<\/a><\/p>\n","protected":false},"excerpt":{"rendered":"No Secret Story 9, Leandro e Liliana picam-se no jardim e a concorrente acaba por apelid\u00e1-lo de &#8220;Gru&hellip;\n","protected":false},"author":2,"featured_media":203473,"comment_status":"","ping_status":"","sticky":false,"template":"","format":"standard","meta":{"footnotes":""},"categories":[142],"tags":[114,115,19033,12397,19016,19034,32,33,151,19032],"class_list":{"0":"post-203472","1":"post","2":"type-post","3":"status-publish","4":"format-standard","5":"has-post-thumbnail","7":"category-tv","8":"tag-entertainment","9":"tag-entretenimento","10":"tag-galas-em-video","11":"tag-leandro","12":"tag-liliana","13":"tag-melhores-momentos-casa-dos-segredos","14":"tag-portugal","15":"tag-pt","16":"tag-tv","17":"tag-videos-secret-story-tvi"},"share_on_mastodon":{"url":"https:\/\/pubeurope.com\/@pt\/115786753179386866","error":""},"_links":{"self":[{"href":"https:\/\/www.europesays.com\/pt\/wp-json\/wp\/v2\/posts\/203472","targetHints":{"allow":["GET"]}}],"collection":[{"href":"https:\/\/www.europesays.com\/pt\/wp-json\/wp\/v2\/posts"}],"about":[{"href":"https:\/\/www.europesays.com\/pt\/wp-json\/wp\/v2\/types\/post"}],"author":[{"embeddable":true,"href":"https:\/\/www.europesays.com\/pt\/wp-json\/wp\/v2\/users\/2"}],"replies":[{"embeddable":true,"href":"https:\/\/www.europesays.com\/pt\/wp-json\/wp\/v2\/comments?post=203472"}],"version-history":[{"count":0,"href":"https:\/\/www.europesays.com\/pt\/wp-json\/wp\/v2\/posts\/203472\/revisions"}],"wp:featuredmedia":[{"embeddable":true,"href":"https:\/\/www.europesays.com\/pt\/wp-json\/wp\/v2\/media\/203473"}],"wp:attachment":[{"href":"https:\/\/www.europesays.com\/pt\/wp-json\/wp\/v2\/media?parent=203472"}],"wp:term":[{"taxonomy":"category","embeddable":true,"href":"https:\/\/www.europesays.com\/pt\/wp-json\/wp\/v2\/categories?post=203472"},{"taxonomy":"post_tag","embeddable":true,"href":"https:\/\/www.europesays.com\/pt\/wp-json\/wp\/v2\/tags?post=203472"}],"curies":[{"name":"wp","href":"https:\/\/api.w.org\/{rel}","templated":true}]}}