{"id":20348,"date":"2025-08-07T21:56:04","date_gmt":"2025-08-07T21:56:04","guid":{"rendered":"https:\/\/www.europesays.com\/pt\/20348\/"},"modified":"2025-08-07T21:56:04","modified_gmt":"2025-08-07T21:56:04","slug":"psg-define-preco-de-vitinha-e-aponta-para-valores-milionarios-apos-interesse-do-real-madrid","status":"publish","type":"post","link":"https:\/\/www.europesays.com\/pt\/20348\/","title":{"rendered":"PSG define pre\u00e7o de Vitinha e aponta para valores milion\u00e1rios ap\u00f3s interesse do Real Madrid"},"content":{"rendered":"<p><strong>O Real Madrid est\u00e1 interessado em contratar Vitinha. PSG j\u00e1 definiu pre\u00e7o exigido pelo m\u00e9dio internacional portugu\u00eas.<\/strong><\/p>\n<p>O Real Madrid procurou saber mais informa\u00e7\u00f5es quanto ao futuro de Vitinha. De acordo com a Foot01, \u00f3rg\u00e3o de comunica\u00e7\u00e3o social franc\u00eas, o PSG colocou as exig\u00eancias no topo.<\/p>\n<p>O emblema orientado por Luis Enrique quer impedir a sa\u00edda de Vitinha e exige que as negocia\u00e7\u00f5es comecem nos 130 milh\u00f5es de euros fixos, aos quais se juntariam vari\u00e1veis e percentagens de venda futura. <\/p>\n<p>Vitinha foi um dos destaques da \u00faltima \u00e9poca do PSG e est\u00e1 <a href=\"https:\/\/bolanarede.pt\/especial-bola-na-rede\/atualidade\/com-viktor-gyokeres-vitinha-nuno-mendes-e-joao-neves-eis-os-30-nomeados-a-bola-de-ouro\/\" target=\"_blank\" rel=\"noreferrer noopener nofollow\">nomeado para a conquista da Bola de Ouro 2025<\/a>. Em 2024\/25, o m\u00e9dio fez 59 jogos pelos parisienses com oito golos e cinco assist\u00eancias no registo. <\/p>\n<blockquote class=\"twitter-tweet\" data-width=\"550\" data-dnt=\"true\">\n<p lang=\"en\" dir=\"ltr\">\ud83d\udea8 Real Madrid made an enquiry for Vitinha and have been told that PSG&#8217;s asking price would start at \u20ac130M.<\/p>\n<p>(Source: Foot01) <a href=\"https:\/\/t.co\/5ecebXx703\" rel=\"nofollow\">pic.twitter.com\/5ecebXx703<\/a><\/p>\n<p>\u2014 Transfer News Live (@DeadlineDayLive) <a href=\"https:\/\/twitter.com\/DeadlineDayLive\/status\/1953536118911381518?ref_src=twsrc%5Etfw\" rel=\"nofollow noopener\" target=\"_blank\">August 7, 2025<\/a><\/p><\/blockquote>\n<p><script async src=\"https:\/\/platform.twitter.com\/widgets.js\" charset=\"utf-8\"><\/script><\/p>\n","protected":false},"excerpt":{"rendered":"O Real Madrid est\u00e1 interessado em contratar Vitinha. PSG j\u00e1 definiu pre\u00e7o exigido pelo m\u00e9dio internacional portugu\u00eas. O&hellip;\n","protected":false},"author":2,"featured_media":20349,"comment_status":"","ping_status":"","sticky":false,"template":"","format":"standard","meta":{"footnotes":""},"categories":[87],"tags":[260,135,5705,1767,32,1758,33,2007,134,7331],"class_list":{"0":"post-20348","1":"post","2":"type-post","3":"status-publish","4":"format-standard","5":"has-post-thumbnail","7":"category-desporto","8":"tag-atualidade","9":"tag-desporto","10":"tag-la-liga","11":"tag-ligue-1","12":"tag-portugal","13":"tag-psg","14":"tag-pt","15":"tag-real-madrid","16":"tag-sports","17":"tag-vitinha"},"share_on_mastodon":{"url":"","error":""},"_links":{"self":[{"href":"https:\/\/www.europesays.com\/pt\/wp-json\/wp\/v2\/posts\/20348","targetHints":{"allow":["GET"]}}],"collection":[{"href":"https:\/\/www.europesays.com\/pt\/wp-json\/wp\/v2\/posts"}],"about":[{"href":"https:\/\/www.europesays.com\/pt\/wp-json\/wp\/v2\/types\/post"}],"author":[{"embeddable":true,"href":"https:\/\/www.europesays.com\/pt\/wp-json\/wp\/v2\/users\/2"}],"replies":[{"embeddable":true,"href":"https:\/\/www.europesays.com\/pt\/wp-json\/wp\/v2\/comments?post=20348"}],"version-history":[{"count":0,"href":"https:\/\/www.europesays.com\/pt\/wp-json\/wp\/v2\/posts\/20348\/revisions"}],"wp:featuredmedia":[{"embeddable":true,"href":"https:\/\/www.europesays.com\/pt\/wp-json\/wp\/v2\/media\/20349"}],"wp:attachment":[{"href":"https:\/\/www.europesays.com\/pt\/wp-json\/wp\/v2\/media?parent=20348"}],"wp:term":[{"taxonomy":"category","embeddable":true,"href":"https:\/\/www.europesays.com\/pt\/wp-json\/wp\/v2\/categories?post=20348"},{"taxonomy":"post_tag","embeddable":true,"href":"https:\/\/www.europesays.com\/pt\/wp-json\/wp\/v2\/tags?post=20348"}],"curies":[{"name":"wp","href":"https:\/\/api.w.org\/{rel}","templated":true}]}}