{"id":203484,"date":"2025-12-26T16:21:18","date_gmt":"2025-12-26T16:21:18","guid":{"rendered":"https:\/\/www.europesays.com\/pt\/203484\/"},"modified":"2025-12-26T16:21:18","modified_gmt":"2025-12-26T16:21:18","slug":"ginecologia-e-obstetricia-cinco-urgencias-de-portas-fechadas-durante-o-fim-de-semana","status":"publish","type":"post","link":"https:\/\/www.europesays.com\/pt\/203484\/","title":{"rendered":"Ginecologia e obstetr\u00edcia. Cinco urg\u00eancias de portas fechadas durante o fim de semana"},"content":{"rendered":"<p>&#13;<br \/>\nCinco urg\u00eancias hospitalares de Ginecologia e Obstetr\u00edcia v\u00e3o estar de portas fechadas este s\u00e1bado, segundo dados do Portal do Servi\u00e7o Nacional de Sa\u00fade. No domingo encerram quatro destas urg\u00eancias um servi\u00e7o de pediatria.<\/p>\n<p>Pouco depois das 10h00, <b>as Escalas de Urg\u00eancia do SNS apontavam, para s\u00e1bado, o fecho das urg\u00eancias de ginecologia e obstetr\u00edcia dos hospitais de Abrantes, Santar\u00e9m, Barreiro e Portim\u00e3o<\/b>. <b>No Hospital das Caldas da Rainha estar\u00e1 encerrado o servi\u00e7o de urg\u00eancia de ginecologia<\/b>.No domingo, reabre portas a urg\u00eancia de obstetr\u00edcia do Hospital Distrital das Caldas da Rainha, mas continuam fechadas as de Abrantes, Santar\u00e9m, Barreiro e Portim\u00e3o.&#13;\n<\/p>\n<p>&#13;<br \/>\nNesse dia, <b>estar\u00e1 tamb\u00e9m encerrada a urg\u00eancia de Pediatria do Hospital Distrital de Torres Vedras<\/b>, segundo as escalas de urg\u00eancia atualizadas pelas unidades locais de sa\u00fade.&#13;\n<\/p>\n<p>&#13;<br \/>\nTr\u00eas urg\u00eancias de pediatria estar\u00e3o a funcionar com condicionamentos no decurso do fim de semana. Ou seja, v\u00e3o acolher somente urg\u00eancias internas e casos referenciados pelo INEM.Trata-se, neste caso, do Hospital Vila Franca de Xira, Beatriz \u00c2ngelo, em Loures, das 0h00 \u00e0s 9h00 e das 21h00 \u00e0s 24h00, e do Hospital Santa Maria Maior, em Barcelos, das 0h00 \u00e0s 8h00 e das 22h00 \u00e0s 24h00. &#13;<br \/>\n&#13;\n<\/p>\n<p>&#13;<br \/>\n<b>V\u00e3o estar igualmente condicionadas, no mesmo per\u00edodo, as urg\u00eancias de ginecologia e obstetr\u00edcia do Hospital de Portalegre, no s\u00e1bado, entre as 0h00 e as 8h00, do Amadora-Sintra, entre as 8h00 e as 24h00, e do Hospital Vila Franca de Xira, no s\u00e1bado, entre as 9h00 e as 24h00, e no domingo ao longo de todo o dia<\/b>.&#13;\n<\/p>\n<p>&#13;<br \/>\nO <b>Hospital S\u00e3o Francisco Xavier, em Lisboa, ter\u00e1 tamb\u00e9m condicionamentos entre as 0h00 e as 8h00<\/b>, tal como o Hospital de Aveiro, das 0h00 \u00e0s 8h30, e o Hospital Santo Andr\u00e9, em Leiria.Os servi\u00e7os limitar-se-\u00e3o a receber casos de urg\u00eancia internos ou doentes referenciados pelo Centro de Orienta\u00e7\u00e3o de Doentes Urgentes do INEM.&#13;\n<\/p>\n<p>&#13;<br \/>\n<b>Ao todo, dever\u00e3o manter-se abertos, no s\u00e1bado, 126 servi\u00e7os de urg\u00eancia e outros 127 no domingo<\/b>. Quase 30 estar\u00e3o abertos no \u00e2mbito do projeto-piloto que obriga as utentes a contactarem a Linha SNS 24 antes procurarem as urg\u00eancias hospitalares.<\/p>\n<p><b>Esta sexta-feira, mantiveram-se encerradas as urg\u00eancias de ginecologia e obstetr\u00edcia dos hospitais de Portim\u00e3o, Barreiro, Set\u00fabal e Santar\u00e9m. Em Vila Franca de Xira est\u00e1 encerrada apenas a urg\u00eancia de obstetr\u00edcia<\/b>.<\/p>\n<p>          <img decoding=\"async\" itemprop=\"image\" class=\"img-fluid\"   src=\"https:\/\/www.europesays.com\/pt\/wp-content\/uploads\/2025\/12\/38ae34aa81c9bda7863457d40985400e_N.jpg\"\/><\/p>\n<p>Jornal da Tarde | 26 de dezembro de 2025<br \/>&#13;<\/p>\n<p>\n<b>No caso das urg\u00eancias de obstetr\u00edcia do hospital do Barreiro, o bloco de partos est\u00e1 encerrado desde as 8h00 de 25 de dezembro e s\u00f3 vai reabrir \u00e0s 8h00 de 3 de janeiro<\/b>.  <\/p>\n<p>&#13;<br \/>\nAs autoridades t\u00eam vindo a apelar \u00e0s popula\u00e7\u00f5es para que recorram previamente ao SNS24.<\/p>\n<p>c\/ Lusa<br \/>&#13;<br \/>\n&#13;\n<\/p>\n<p>&#13;<br \/>\n&#13;<br \/>\n\u00a0&#13;<\/p>\n","protected":false},"excerpt":{"rendered":"&#13; Cinco urg\u00eancias hospitalares de Ginecologia e Obstetr\u00edcia v\u00e3o estar de portas fechadas este s\u00e1bado, segundo dados do&hellip;\n","protected":false},"author":2,"featured_media":203485,"comment_status":"","ping_status":"","sticky":false,"template":"","format":"standard","meta":{"footnotes":""},"categories":[10],"tags":[40395,15877,27,28,2422,40396,15,16,40386,21353,14,25,26,21,22,12,13,19,20,987,9804,32,23,24,33,40394,17,18,29,30,31,40397],"class_list":{"0":"post-203484","1":"post","2":"type-post","3":"status-publish","4":"format-standard","5":"has-post-thumbnail","7":"category-portugal","8":"tag-andre-leiria-nestes","9":"tag-beatriz-angelo","10":"tag-breaking-news","11":"tag-breakingnews","12":"tag-caldas","13":"tag-escalas-urgencia","14":"tag-featured-news","15":"tag-featurednews","16":"tag-franca-xira","17":"tag-ginecologia","18":"tag-headlines","19":"tag-latest-news","20":"tag-latestnews","21":"tag-main-news","22":"tag-mainnews","23":"tag-news","24":"tag-noticias","25":"tag-noticias-principais","26":"tag-noticiasprincipais","27":"tag-portal","28":"tag-portalegre","29":"tag-portugal","30":"tag-principais-noticias","31":"tag-principaisnoticias","32":"tag-pt","33":"tag-santarem-barreiro","34":"tag-top-stories","35":"tag-topstories","36":"tag-ultimas","37":"tag-ultimas-noticias","38":"tag-ultimasnoticias","39":"tag-urgentes"},"share_on_mastodon":{"url":"","error":"Validation failed: Text character limit of 500 exceeded"},"_links":{"self":[{"href":"https:\/\/www.europesays.com\/pt\/wp-json\/wp\/v2\/posts\/203484","targetHints":{"allow":["GET"]}}],"collection":[{"href":"https:\/\/www.europesays.com\/pt\/wp-json\/wp\/v2\/posts"}],"about":[{"href":"https:\/\/www.europesays.com\/pt\/wp-json\/wp\/v2\/types\/post"}],"author":[{"embeddable":true,"href":"https:\/\/www.europesays.com\/pt\/wp-json\/wp\/v2\/users\/2"}],"replies":[{"embeddable":true,"href":"https:\/\/www.europesays.com\/pt\/wp-json\/wp\/v2\/comments?post=203484"}],"version-history":[{"count":0,"href":"https:\/\/www.europesays.com\/pt\/wp-json\/wp\/v2\/posts\/203484\/revisions"}],"wp:featuredmedia":[{"embeddable":true,"href":"https:\/\/www.europesays.com\/pt\/wp-json\/wp\/v2\/media\/203485"}],"wp:attachment":[{"href":"https:\/\/www.europesays.com\/pt\/wp-json\/wp\/v2\/media?parent=203484"}],"wp:term":[{"taxonomy":"category","embeddable":true,"href":"https:\/\/www.europesays.com\/pt\/wp-json\/wp\/v2\/categories?post=203484"},{"taxonomy":"post_tag","embeddable":true,"href":"https:\/\/www.europesays.com\/pt\/wp-json\/wp\/v2\/tags?post=203484"}],"curies":[{"name":"wp","href":"https:\/\/api.w.org\/{rel}","templated":true}]}}