{"id":203504,"date":"2025-12-26T16:36:10","date_gmt":"2025-12-26T16:36:10","guid":{"rendered":"https:\/\/www.europesays.com\/pt\/203504\/"},"modified":"2025-12-26T16:36:10","modified_gmt":"2025-12-26T16:36:10","slug":"sidny-cabral-e-jogador-do-benfica-ja-esta-fechado","status":"publish","type":"post","link":"https:\/\/www.europesays.com\/pt\/203504\/","title":{"rendered":"Sidny Cabral \u00e9 jogador do Benfica: \u00abJ\u00e1 est\u00e1 fechado\u00bb"},"content":{"rendered":"<p>\t                Paulo Lopo explicou todos os contornos do neg\u00f3cio<\/p>\n<p>Sidny Cabral j\u00e1 \u00e9 jogador do Benfica. Depois do treinador Jo\u00e3o Nuno ter revelado que o jogador <a href=\"https:\/\/maisfutebol.iol.pt\/mercado\/liga\/alvo-do-benfica-nao-joga-em-famalicao-o-sidny-nao-vai-viajar\" rel=\"nofollow noopener\" target=\"_blank\">n\u00e3o ia viajar com a comitiva do Estrela da Amadora para Famalic\u00e3o<\/a>, deixando a perceber que j\u00e1 tinha sido vendido, foi agora a vez do presidente Paulo Lopo ter dado o neg\u00f3cio como conclu\u00eddo, avan\u00e7ando todos os contornos do acordo.<\/p>\n<p>\u00abSim, j\u00e1 est\u00e1 fechado. Os contratos ainda n\u00e3o est\u00e3o assinados, v\u00e3o s\u00ea-lo entre hoje e segunda-feira, mas j\u00e1 est\u00e1 fechado. Dia 29 j\u00e1 faz os exames m\u00e9dicos e no princ\u00edpio do ano j\u00e1 est\u00e1 na equipa do Benfica\u00bb, referiu.<\/p>\n<p>\u00abO neg\u00f3cio ficou fechado por aproximadamente cinco milh\u00f5es de euros, mais alguns por objetivos. O Estrela fica com 10 por cento do passe e o Benfica com 90 por cento.\u00bb<\/p>\n<p>Nestas declara\u00e7\u00f5es de Paulo Lopo ao Neg\u00f3cios Record, foi ainda confirmado que a transfer\u00eancia de Sidny Cabral para o Benfica era uma oportunidade imperd\u00edvel.<\/p>\n<p>\u00ab\u00c9 o maior neg\u00f3cio do Estrela da Amadora. Superou o do Igor Jesus, que era de quatro milh\u00f5es de euros. Um jogador que foi contratado a custo zero\u00bb, finalizou.<\/p>\n","protected":false},"excerpt":{"rendered":"Paulo Lopo explicou todos os contornos do neg\u00f3cio Sidny Cabral j\u00e1 \u00e9 jogador do Benfica. Depois do treinador&hellip;\n","protected":false},"author":2,"featured_media":203505,"comment_status":"","ping_status":"","sticky":false,"template":"","format":"standard","meta":{"footnotes":""},"categories":[8],"tags":[609,836,611,51,27,28,607,608,333,832,604,135,610,476,15,16,301,830,14,603,25,26,570,21,22,831,40,833,42,3589,41,62,834,12,13,19,20,835,602,52,32,23,24,33,2551,40402,24849,17,18,35,29,30,31],"class_list":{"0":"post-203504","1":"post","2":"type-post","3":"status-publish","4":"format-standard","5":"has-post-thumbnail","7":"category-principais-noticias","8":"tag-alerta","9":"tag-analise","10":"tag-ao-minuto","11":"tag-benfica","12":"tag-breaking-news","13":"tag-breakingnews","14":"tag-cnn","15":"tag-cnn-portugal","16":"tag-comentadores","17":"tag-costa","18":"tag-crime","19":"tag-desporto","20":"tag-direto","21":"tag-economia","22":"tag-featured-news","23":"tag-featurednews","24":"tag-governo","25":"tag-guerra","26":"tag-headlines","27":"tag-justica","28":"tag-latest-news","29":"tag-latestnews","30":"tag-live","31":"tag-main-news","32":"tag-mainnews","33":"tag-mais-vistas","34":"tag-maistransferencias","35":"tag-marcelo","36":"tag-mercado","37":"tag-mercado-benfica","38":"tag-mercado-de-transferencias","39":"tag-mundo","40":"tag-negocios","41":"tag-news","42":"tag-noticias","43":"tag-noticias-principais","44":"tag-noticiasprincipais","45":"tag-opiniao","46":"tag-pais","47":"tag-politica","48":"tag-portugal","49":"tag-principais-noticias","50":"tag-principaisnoticias","51":"tag-pt","52":"tag-reforco","53":"tag-reforco-benfica","54":"tag-sidny-cabral","55":"tag-top-stories","56":"tag-topstories","57":"tag-transferencias","58":"tag-ultimas","59":"tag-ultimas-noticias","60":"tag-ultimasnoticias"},"share_on_mastodon":{"url":"","error":"Validation failed: Text character limit of 500 exceeded"},"_links":{"self":[{"href":"https:\/\/www.europesays.com\/pt\/wp-json\/wp\/v2\/posts\/203504","targetHints":{"allow":["GET"]}}],"collection":[{"href":"https:\/\/www.europesays.com\/pt\/wp-json\/wp\/v2\/posts"}],"about":[{"href":"https:\/\/www.europesays.com\/pt\/wp-json\/wp\/v2\/types\/post"}],"author":[{"embeddable":true,"href":"https:\/\/www.europesays.com\/pt\/wp-json\/wp\/v2\/users\/2"}],"replies":[{"embeddable":true,"href":"https:\/\/www.europesays.com\/pt\/wp-json\/wp\/v2\/comments?post=203504"}],"version-history":[{"count":0,"href":"https:\/\/www.europesays.com\/pt\/wp-json\/wp\/v2\/posts\/203504\/revisions"}],"wp:featuredmedia":[{"embeddable":true,"href":"https:\/\/www.europesays.com\/pt\/wp-json\/wp\/v2\/media\/203505"}],"wp:attachment":[{"href":"https:\/\/www.europesays.com\/pt\/wp-json\/wp\/v2\/media?parent=203504"}],"wp:term":[{"taxonomy":"category","embeddable":true,"href":"https:\/\/www.europesays.com\/pt\/wp-json\/wp\/v2\/categories?post=203504"},{"taxonomy":"post_tag","embeddable":true,"href":"https:\/\/www.europesays.com\/pt\/wp-json\/wp\/v2\/tags?post=203504"}],"curies":[{"name":"wp","href":"https:\/\/api.w.org\/{rel}","templated":true}]}}