{"id":203546,"date":"2025-12-26T17:12:17","date_gmt":"2025-12-26T17:12:17","guid":{"rendered":"https:\/\/www.europesays.com\/pt\/203546\/"},"modified":"2025-12-26T17:12:17","modified_gmt":"2025-12-26T17:12:17","slug":"raiva-animal-em-bois-e-morcegos-acende-alerta-no-norte-de-sc","status":"publish","type":"post","link":"https:\/\/www.europesays.com\/pt\/203546\/","title":{"rendered":"Raiva animal em bois e morcegos acende alerta no Norte de SC"},"content":{"rendered":"<p>  <img class=\"content-first-image wp-image-2606683 size-full\" loading=\"eager\" decoding=\"sync\" fetchpriority=\"high\" src=\"https:\/\/www.europesays.com\/pt\/wp-content\/uploads\/2025\/12\/morcegos-hematofagos-sao-monitorados-em-sc-para-prevenir-casos-de-raiva-bovina-3.jpg\" alt=\"Somente em julho de 2025, Schroeder registrou 16 casos de raiva animal em morcegos\" width=\"1200\" height=\"800\"  \/>Somente em julho de 2025, Schroeder registrou 16 casos de raiva animal em morcegosFoto: Divulga\u00e7\u00e3o\/Cidasc\/ND Mais<\/p>\n<p>A Secretaria de Sa\u00fade do munic\u00edpio de Schroeder, no Norte de Santa Catarina, emitiu um alerta \u00e0 popula\u00e7\u00e3o sobre os riscos da raiva animal, uma doen\u00e7a viral grave e sem cura, que pode ser transmitida por qualquer esp\u00e9cie de morcego, al\u00e9m de c\u00e3es, gatos e animais de produ\u00e7\u00e3o n\u00e3o vacinados.<\/p>\n<p>Somente em julho de 2025, foram registrados 16 atendimentos por acidentes antirr\u00e1bicos no munic\u00edpio, chamando a aten\u00e7\u00e3o para a circula\u00e7\u00e3o do v\u00edrus na regi\u00e3o.<\/p>\n<p>A <a href=\"https:\/\/ndmais.com.br\/saude\/raiva-animal-em-bovino-preocupa-moradores-em-sc\/\" rel=\"nofollow noopener\" target=\"_blank\">zona rural de S\u00e3o Bento do Sul<\/a>, no Planalto Norte, tamb\u00e9m confirmou um caso de raiva animal. A Vigil\u00e2ncia Sanit\u00e1ria foi notificada ap\u00f3s exames laboratoriais apontarem que um bovino encontrado morto na localidade de Rio das Pacas\/Sert\u00e3ozinho estava contaminado.<\/p>\n<p><a class=\"cta-discover d-flex justify-content-between align-items-center w-100\" target=\"_blank\" rel=\"nofollow noopner noopener\" href=\"https:\/\/profile.google.com\/cp\/Cg0vZy8xMXZ5cjY4NHho\">   Fa\u00e7a como milh\u00f5es de leitores informados: siga o ND Mais no Google.  Seguir<\/a> <\/p>\n<p>Em junho, <a href=\"https:\/\/ndmais.com.br\/saude\/bois-sao-sacrificados-apos-3-casos-de-raiva-confirmados-em-propriedade-rural-de-sc\/\" rel=\"nofollow noopener\" target=\"_blank\">S\u00e3o Francisco do Sul tamb\u00e9m registrou casos<\/a>. Tr\u00eas bovinos infectados foram\u00a0sacrificados devido ao sofrimento e outros tr\u00eas animais da mesma propriedade foram vacinados e monitorados.<\/p>\n<p>Em Santa Catarina, at\u00e9 12 de dezembro de 2025, foram registrados 41 casos de raiva em animais de produ\u00e7\u00e3o, n\u00famero menor que o do ano anterior, quando foram 67 casos.<\/p>\n<p><img class=\"wp-image-2746684 size-full\" loading=\"lazy\" decoding=\"async\" src=\"https:\/\/www.europesays.com\/pt\/wp-content\/uploads\/2025\/12\/alerta-de-raiva-animal-apos-morte-de-bovino-preocupa-moradores-em-area-rural-de-sc.jpg\" alt=\"Raiva animal identificada em bovino em S\u00e3o Bento do Sul\" width=\"1200\" height=\"630\"  \/>Bovino foi encontrado morto e Vigil\u00e2ncia Sanit\u00e1ria confirmou caso de raiva animal em \u00e1rea rural de S\u00e3o Bento do SulFoto: Prefeitura de S\u00e3o Bento do Sul\/Divulga\u00e7\u00e3o\/ND MaisComo se transmite a raiva animal?<\/p>\n<p>A transmiss\u00e3o ocorre por meio de mordidas, arranh\u00f5es ou at\u00e9 lambeduras, quando a saliva do animal infectado entra em contato com feridas ou mucosas. Mesmo em situa\u00e7\u00f5es consideradas suspeitas, como a presen\u00e7a do morcego no quarto, exigem avalia\u00e7\u00e3o m\u00e9dica imediata.<\/p>\n<p>Animais infectados podem apresentar sintomas como andar cambaleante, tremores, saliva\u00e7\u00e3o excessiva, isolamento, paralisia progressiva e morte em poucos dias. Diante de qualquer sinal suspeito em animais dom\u00e9sticos ou de produ\u00e7\u00e3o, a orienta\u00e7\u00e3o \u00e9 notificar imediatamente os \u00f3rg\u00e3os respons\u00e1veis.<\/p>\n<p>Contato com morcegos exige cuidados imediatos<\/p>\n<p>Em caso de contato f\u00edsico ou suspeita de exposi\u00e7\u00e3o ao v\u00edrus, a orienta\u00e7\u00e3o \u00e9 lavar imediatamente o local com \u00e1gua corrente e sab\u00e3o em abund\u00e2ncia e procurar atendimento m\u00e9dico com urg\u00eancia em uma UPA (Unidade de Pronto Atendimento) ou posto de sa\u00fade.<\/p>\n<p>Em acidentes envolvendo morcegos ou animais silvestres, a vacina e\/ou o soro antirr\u00e1bico devem ser iniciados o quanto antes, preferencialmente em menos de dez dias.<\/p>\n<p>Ao encontrar um morcego, vivo ou morto, a recomenda\u00e7\u00e3o \u00e9 n\u00e3o tocar no animal, nem mesmo com luvas ou toalhas. O ideal \u00e9 isolar o local, utilizando um balde ou caixa para impedir a fuga ou o contato com pessoas e animais dom\u00e9sticos, e acionar a Vigil\u00e2ncia Epidemiol\u00f3gica.<\/p>\n<p><img class=\"wp-image-2758970 size-full\" loading=\"lazy\" decoding=\"async\" src=\"https:\/\/www.europesays.com\/pt\/wp-content\/uploads\/2025\/12\/raiva-animal-em-bois-e-morcegos-acende-alerta-na-regiao-norte-de-sc.jpg\" alt=\"Raiva animal em bois e morcegos acende alerta na regi\u00e3o Norte de SC\" width=\"1200\" height=\"630\"  \/>Raiva animal em bois e morcegos acende alerta na regi\u00e3o Norte de SCFoto: Divulga\u00e7\u00e3o\/Prefeitura de Schroeder\/ND MaisProdutores rurais devem manter vacina\u00e7\u00e3o em dia<\/p>\n<p>A Cidasc (Companhia Integrada de Desenvolvimento Agr\u00edcola de Santa Catarina) refor\u00e7a que a vacina\u00e7\u00e3o dos rebanhos \u00e9 a principal estrat\u00e9gia para o controle da raiva no meio rural.<\/p>\n<p>Quando h\u00e1 confirma\u00e7\u00e3o laboratorial, equipes t\u00e9cnicas realizam vistorias em propriedades num raio de at\u00e9 um quil\u00f4metro, orientando os produtores sobre refor\u00e7o vacinal e monitoramento dos animais.<\/p>\n<p>Monitoramento e controle de morcegos<\/p>\n<p>Entre as a\u00e7\u00f5es de controle, a Cidasc realiza o <a href=\"https:\/\/ndmais.com.br\/animais\/morcegos-hematofagos-sao-monitorados-em-sc-para-prevenir-casos-de-raiva-bovina\/\" rel=\"nofollow noopener\" target=\"_blank\">monitoramento de abrigos de morcegos hemat\u00f3fagos<\/a>, como a esp\u00e9cie Desmodus rotundus, capaz de transmitir o v\u00edrus ao se alimentar do sangue de outros animais.<\/p>\n<p>O controle populacional \u00e9 feito apenas por profissionais habilitados, com uso de equipamentos de prote\u00e7\u00e3o, respeitando o papel ambiental dos morcegos n\u00e3o hemat\u00f3fagos, fundamentais para o equil\u00edbrio da natureza.<\/p>\n<p>Suspeitas devem ser comunicadas \u00e0 Cidasc pelos telefones (47)\u202f3481\u20113678 ou (48)\u202f99169\u20117387.<\/p>\n","protected":false},"excerpt":{"rendered":"Somente em julho de 2025, Schroeder registrou 16 casos de raiva animal em morcegosFoto: Divulga\u00e7\u00e3o\/Cidasc\/ND Mais A Secretaria&hellip;\n","protected":false},"author":2,"featured_media":203547,"comment_status":"","ping_status":"","sticky":false,"template":"","format":"standard","meta":{"footnotes":""},"categories":[86],"tags":[1353,116,1968,2250,32,33,37721,40404,4066,117,40405],"class_list":{"0":"post-203546","1":"post","2":"type-post","3":"status-publish","4":"format-standard","5":"has-post-thumbnail","7":"category-saude","8":"tag-animais","9":"tag-health","10":"tag-notcia","11":"tag-notcia-santa-catarina","12":"tag-portugal","13":"tag-pt","14":"tag-so-bento-do-sul","15":"tag-so-francisco-do-sul","16":"tag-sade","17":"tag-saude","18":"tag-schroeder"},"share_on_mastodon":{"url":"https:\/\/pubeurope.com\/@pt\/115786989488434210","error":""},"_links":{"self":[{"href":"https:\/\/www.europesays.com\/pt\/wp-json\/wp\/v2\/posts\/203546","targetHints":{"allow":["GET"]}}],"collection":[{"href":"https:\/\/www.europesays.com\/pt\/wp-json\/wp\/v2\/posts"}],"about":[{"href":"https:\/\/www.europesays.com\/pt\/wp-json\/wp\/v2\/types\/post"}],"author":[{"embeddable":true,"href":"https:\/\/www.europesays.com\/pt\/wp-json\/wp\/v2\/users\/2"}],"replies":[{"embeddable":true,"href":"https:\/\/www.europesays.com\/pt\/wp-json\/wp\/v2\/comments?post=203546"}],"version-history":[{"count":0,"href":"https:\/\/www.europesays.com\/pt\/wp-json\/wp\/v2\/posts\/203546\/revisions"}],"wp:featuredmedia":[{"embeddable":true,"href":"https:\/\/www.europesays.com\/pt\/wp-json\/wp\/v2\/media\/203547"}],"wp:attachment":[{"href":"https:\/\/www.europesays.com\/pt\/wp-json\/wp\/v2\/media?parent=203546"}],"wp:term":[{"taxonomy":"category","embeddable":true,"href":"https:\/\/www.europesays.com\/pt\/wp-json\/wp\/v2\/categories?post=203546"},{"taxonomy":"post_tag","embeddable":true,"href":"https:\/\/www.europesays.com\/pt\/wp-json\/wp\/v2\/tags?post=203546"}],"curies":[{"name":"wp","href":"https:\/\/api.w.org\/{rel}","templated":true}]}}