{"id":203581,"date":"2025-12-26T17:41:21","date_gmt":"2025-12-26T17:41:21","guid":{"rendered":"https:\/\/www.europesays.com\/pt\/203581\/"},"modified":"2025-12-26T17:41:21","modified_gmt":"2025-12-26T17:41:21","slug":"bolsonaristas-apelam-a-boicote-a-marca-havaianas-observador","status":"publish","type":"post","link":"https:\/\/www.europesays.com\/pt\/203581\/","title":{"rendered":"Bolsonaristas apelam a boicote \u00e0 marca Havaianas \u2013 Observador"},"content":{"rendered":"<p>A famosa marca de chinelos brasileira Havaianas est\u00e1 no centro de uma (nova) guerra pol\u00edtica num pa\u00eds ainda dividido ap\u00f3s a condena\u00e7\u00e3o do antigo Presidente, Jair Bolsonaro, <a href=\"https:\/\/observador.pt\/2025\/11\/22\/jair-bolsonaro-preso-preventivamente-a-pedido-da-policia-federal-brasileira\/\" rel=\"nofollow noopener\" target=\"_blank\">por tentativa de golpe de Estado<\/a>. Em causa est\u00e1 o an\u00fancio publicit\u00e1rio da marca protagonizado por Fernanda Torres, no qual a atriz afirma que n\u00e3o quer que os brasileiros entrem em 2025 \u201ccom o p\u00e9 direito\u201d, <strong>mas sim \u201ccom os dois p\u00e9s\u201d<\/strong> \u2014 frase que os \u201cbolsonaristas\u201d interpretaram como uma mensagem dirigida contra a direita.<\/p>\n<p>A rea\u00e7\u00e3o foi imediata. Eduardo Bolsonaro, filho do antigo l\u00edder brasileiro, publicou um v\u00eddeo nas <a href=\"https:\/\/www.instagram.com\/bolsonarosp\/\" rel=\"nofollow noopener\" target=\"_blank\">redes sociais<\/a> atirando para o lixo um par de Havaianas pretas com a bandeira do Brasil (s\u00edmbolo associado \u00e0 marca). \u201cEu achava que isto era um s\u00edmbolo nacional. Enganei-me. Eles escolheram como garota-propaganda da sand\u00e1lia uma pessoa declaradamente de esquerda. E ainda diz para n\u00e3o come\u00e7ar o ano com o p\u00e9 direito. <strong>Isso n\u00e3o foi por acaso<\/strong>\u201c, disse, acrescentando: \u201c<strong>O p\u00e9 direito e o esquerdo est\u00e3o no lixo<\/strong>\u201c.<\/p>\n<p>Outros pol\u00edticos e influencers juntaram-se ao boicote \u00e0 marca. \u201cHavaianas escolheu lado. A direita escolhe o boicote\u201d, escreveu na <a href=\"https:\/\/twitter.com\/rodrivaladares_\/status\/2003099679156998567\" rel=\"nofollow noopener\" target=\"_blank\">rede social X<\/a> o deputado Rodrigo Valadares. J\u00e1 Thiago Asmar, conhecido como Pilhado, <a href=\"https:\/\/x.com\/opilhado\" rel=\"nofollow\">ironizou<\/a>: \u201cEstou a queimar o p\u00e9 no asfalto, mas <strong>Havaianas nunca mais<\/strong>\u201c. Houve mesmo quem anunciasse a troca da marca por concorrentes diretas, como a Sand\u00e1lias Ipanema, ou at\u00e9 por Crocs, num gesto de protesto simb\u00f3lico.<\/p>\n<p>Por seu turno, a deputada de esquerda Duda Salabert classificou a pol\u00e9mica como \u201cum ataque burro\u201d e alertou que \u201cquem mais pode perder n\u00e3o \u00e9 a marca, mas sim o trabalhador\u201d, lembrando que a<strong> Havaianas d\u00e1 trabalho a milhares de brasileiros<\/strong>. Nas redes sociais, multiplicaram-se apelos para que os apoiantes de Bolsonaro doassem os chinelos que estavam a deitar no lixo.<\/p>\n<p>A pol\u00e9mica ganhou ainda mais for\u00e7a pelo contexto pol\u00edtico que o Brasil est\u00e1 a viver. Jair Bolsonaro foi recentemente condenado a 27 anos e tr\u00eas meses de pris\u00e3o por liderar um plano para reverter o resultado das elei\u00e7\u00f5es de 2022, o que provocou <strong>tens\u00f5es entre direita e esquerda<\/strong>. Impedido de voltar a exercer cargos p\u00fablicos, o antigo Presidente continua, no entanto, a <strong>influenciar<\/strong> uma parte significativa do eleitorado e um dos seus filhos, Fl\u00e1vio Bolsonaro, \u00e9 apontado como <a href=\"https:\/\/observador.pt\/2025\/12\/05\/jair-bolsonaro-escolhe-o-filho-flavio-para-candidato-a-presidenciais-do-brasil-de-2026\/\" rel=\"nofollow noopener\" target=\"_blank\">potencial candidato \u00e0s presidenciais de 2026<\/a>.<\/p>\n<p>Fernanda Torres n\u00e3o comentou publicamente a pol\u00e9mica. Durante a promo\u00e7\u00e3o do filme que protagonizou \u2014 Ainda Estou Aqui (2024) \u2014, a atriz j\u00e1 tinha\u00a0assumido de forma clara a sua <strong>oposi\u00e7\u00e3o<\/strong> a Jair Bolsonaro, consolidando a imagem de figura progressista.<\/p>\n<p>Fundada em 1962 e inspirada nas sand\u00e1lias japonesas zori, a Havaianas tornou-se num dos produtos mais usados no quotidiano brasileiro. Usadas tanto na rua como em casa, a marca vende mais de 200 milh\u00f5es de pares por ano e \u00e9 presen\u00e7a regular em mais de 100 pa\u00edses.<\/p>\n<p>F\u00e1bio Porchat decidiu entrar na pol\u00e9mica em torno do an\u00fancio publicit\u00e1rio da Havaianas. O humorista publicou um v\u00eddeo nas redes sociais no qual finge ser o gestor de crise de Fernanda Torres. \u201cFernandinha, sua doida, eles est\u00e3o a achar que s\u00e3o a Enel [empresa eletricidade], eles querem acabar com a tua luz\u201d, diz Porchat no v\u00eddeo humor\u00edstico.<\/p>\n<p>A publica\u00e7\u00e3o, no entanto, acabou por gerar controv\u00e9rsia, uma vez que o v\u00eddeo foi gravado no interior da Embaixada do Brasil em Roma, It\u00e1lia. V\u00e1rios pol\u00edticos brasileiros criticaram a postura do ator. Rog\u00e9rio Marinho, do Partido Liberal e l\u00edder da oposi\u00e7\u00e3o no Senado,\u00a0acusou Porchat de instrumentalizar um espa\u00e7o oficial. \u201c<strong>Instala\u00e7\u00f5es governamentais n\u00e3o servem para milit\u00e2ncia nem para proteger aliados<\/strong>\u201c, afirmou o deputado, citado pelo <a href=\"https:\/\/www.metropoles.com\/celebridades\/fabio-porchat-zoa-polemica-da-havaianas-e-causa-crise-diplomatica\" rel=\"nofollow noopener\" target=\"_blank\">Metr\u00f3poles<\/a>.<\/p>\n<p>Perante a repercuss\u00e3o, o Minist\u00e9rio dos Neg\u00f3cios Estrangeiros do Brasil acabou por esclarecer as circunst\u00e2ncias da presen\u00e7a de F\u00e1bio Porchat na miss\u00e3o diplom\u00e1tica em It\u00e1lia. Num comunicado, o minist\u00e9rio explicou que o ator e humorista era convidado pessoal do embaixador do Brasil em Roma para a celebra\u00e7\u00e3o da noite de Natal e que a visita n\u00e3o envolveu qualquer despesa p\u00fablica.<\/p>\n<p>\u201cDurante a sua estadia na resid\u00eancia, <strong>o artista gravou e publicou v\u00eddeo sem o conhecimento e autoriza\u00e7\u00e3o [do embaixador]<\/strong>\u201c, l\u00ea-se na nota, que acrescenta que \u201cas despesas de convidados pessoais do embaixador s\u00e3o custeadas pelo pr\u00f3prio chefe da Miss\u00e3o Diplom\u00e1tica\u201d.<\/p>\n<blockquote class=\"twitter-tweet\" data-width=\"500\" data-dnt=\"true\">\n<p lang=\"pt\" dir=\"ltr\">Feliz natal! Sejam leves, sejam felizes, transem, comam, riam e parem de viver para a pol\u00edtica. Isso s\u00f3 corr\u00f3i a vida de voc\u00eas e n\u00e3o muda nada a vida de 90% desses safados que est\u00e3o no poder! \u2764\ufe0f<\/p>\n<p>\u2014 Fabio Porchat (@FabioPorchat) <a href=\"https:\/\/twitter.com\/FabioPorchat\/status\/2003963645798310318?ref_src=twsrc%5Etfw\" rel=\"nofollow noopener\" target=\"_blank\">December 24, 2025<\/a><\/p>\n<\/blockquote>\n<p>Depois de toda a pol\u00e9mica, Porchat recorrer \u00e0 <a href=\"https:\/\/twitter.com\/FabioPorchat\/status\/2003963645798310318\" rel=\"nofollow noopener\" target=\"_blank\">rede social X<\/a> para desejar um \u201cfeliz Natal\u201d aos seguidores, deixando uma mensagem: \u201cSejam leves, sejam felizes, transem, comam, riam e parem de viver para a pol\u00edtica. Isso s\u00f3 corr\u00f3i a vossa vida e n\u00e3o muda nada a vida de 90% desses safados que est\u00e3o no poder\u201d.<\/p>\n<p>            <script async src=\"https:\/\/platform.twitter.com\/widgets.js\" charset=\"utf-8\"><\/script><script async src=\"\/\/www.instagram.com\/embed.js\"><\/script><\/p>\n","protected":false},"excerpt":{"rendered":"A famosa marca de chinelos brasileira Havaianas est\u00e1 no centro de uma (nova) guerra pol\u00edtica num pa\u00eds ainda&hellip;\n","protected":false},"author":2,"featured_media":203582,"comment_status":"","ping_status":"","sticky":false,"template":"","format":"standard","meta":{"footnotes":""},"categories":[85],"tags":[726,114,115,1125,62,32,33],"class_list":{"0":"post-203581","1":"post","2":"type-post","3":"status-publish","4":"format-standard","5":"has-post-thumbnail","7":"category-entretenimento","8":"tag-brasil","9":"tag-entertainment","10":"tag-entretenimento","11":"tag-jair-bolsonaro","12":"tag-mundo","13":"tag-portugal","14":"tag-pt"},"share_on_mastodon":{"url":"https:\/\/pubeurope.com\/@pt\/115787103187422848","error":""},"_links":{"self":[{"href":"https:\/\/www.europesays.com\/pt\/wp-json\/wp\/v2\/posts\/203581","targetHints":{"allow":["GET"]}}],"collection":[{"href":"https:\/\/www.europesays.com\/pt\/wp-json\/wp\/v2\/posts"}],"about":[{"href":"https:\/\/www.europesays.com\/pt\/wp-json\/wp\/v2\/types\/post"}],"author":[{"embeddable":true,"href":"https:\/\/www.europesays.com\/pt\/wp-json\/wp\/v2\/users\/2"}],"replies":[{"embeddable":true,"href":"https:\/\/www.europesays.com\/pt\/wp-json\/wp\/v2\/comments?post=203581"}],"version-history":[{"count":0,"href":"https:\/\/www.europesays.com\/pt\/wp-json\/wp\/v2\/posts\/203581\/revisions"}],"wp:featuredmedia":[{"embeddable":true,"href":"https:\/\/www.europesays.com\/pt\/wp-json\/wp\/v2\/media\/203582"}],"wp:attachment":[{"href":"https:\/\/www.europesays.com\/pt\/wp-json\/wp\/v2\/media?parent=203581"}],"wp:term":[{"taxonomy":"category","embeddable":true,"href":"https:\/\/www.europesays.com\/pt\/wp-json\/wp\/v2\/categories?post=203581"},{"taxonomy":"post_tag","embeddable":true,"href":"https:\/\/www.europesays.com\/pt\/wp-json\/wp\/v2\/tags?post=203581"}],"curies":[{"name":"wp","href":"https:\/\/api.w.org\/{rel}","templated":true}]}}