{"id":203606,"date":"2025-12-26T18:02:18","date_gmt":"2025-12-26T18:02:18","guid":{"rendered":"https:\/\/www.europesays.com\/pt\/203606\/"},"modified":"2025-12-26T18:02:18","modified_gmt":"2025-12-26T18:02:18","slug":"assalto-a-mao-armada-a-dependencia-do-novo-banco-suspeito-em-fuga","status":"publish","type":"post","link":"https:\/\/www.europesays.com\/pt\/203606\/","title":{"rendered":"Assalto \u00e0 m\u00e3o armada a depend\u00eancia do Novo Banco. Suspeito em fuga"},"content":{"rendered":"<p>\t                Ainda n\u00e3o foi apurada a quantia de dinheiro levada<\/p>\n<p>A depend\u00eancia do Novo Banco em Almeirim, no distrito de Santar\u00e9m, foi assaltada \u00e0 m\u00e3o armada esta sexta-feira, estando o suspeito em fuga, confirmou \u00e0 ag\u00eancia Lusa fonte do Comando Territorial da GNR de Santar\u00e9m.<\/p>\n<p>Segundo a mesma fonte, o assalto ocorreu por volta das 09:20 e foi realizado por um homem que utilizou uma arma de fogo.<\/p>\n<p>\u201cEstamos a tentar localizar o suspeito neste momento\u201d, afirmou a fonte, adiantando que ainda n\u00e3o foi poss\u00edvel apurar a quantia de dinheiro levada.<\/p>\n<p>A GNR est\u00e1 a recolher imagens para tentar identificar o autor do crime e aguarda a confirma\u00e7\u00e3o da Pol\u00edcia Judici\u00e1ria, que dever\u00e1 assumir a investiga\u00e7\u00e3o.<\/p>\n","protected":false},"excerpt":{"rendered":"Ainda n\u00e3o foi apurada a quantia de dinheiro levada A depend\u00eancia do Novo Banco em Almeirim, no distrito&hellip;\n","protected":false},"author":2,"featured_media":4537,"comment_status":"","ping_status":"","sticky":false,"template":"","format":"standard","meta":{"footnotes":""},"categories":[8],"tags":[609,3773,836,611,2446,27,28,607,608,333,832,604,135,610,476,15,16,23674,2002,301,830,14,603,25,26,570,21,22,831,833,62,834,12,13,19,20,835,602,52,32,23,24,33,519,17,18,29,30,31],"class_list":{"0":"post-203606","1":"post","2":"type-post","3":"status-publish","4":"format-standard","5":"has-post-thumbnail","7":"category-principais-noticias","8":"tag-alerta","9":"tag-almeirim","10":"tag-analise","11":"tag-ao-minuto","12":"tag-assalto","13":"tag-breaking-news","14":"tag-breakingnews","15":"tag-cnn","16":"tag-cnn-portugal","17":"tag-comentadores","18":"tag-costa","19":"tag-crime","20":"tag-desporto","21":"tag-direto","22":"tag-economia","23":"tag-featured-news","24":"tag-featurednews","25":"tag-fuga","26":"tag-gnr","27":"tag-governo","28":"tag-guerra","29":"tag-headlines","30":"tag-justica","31":"tag-latest-news","32":"tag-latestnews","33":"tag-live","34":"tag-main-news","35":"tag-mainnews","36":"tag-mais-vistas","37":"tag-marcelo","38":"tag-mundo","39":"tag-negocios","40":"tag-news","41":"tag-noticias","42":"tag-noticias-principais","43":"tag-noticiasprincipais","44":"tag-opiniao","45":"tag-pais","46":"tag-politica","47":"tag-portugal","48":"tag-principais-noticias","49":"tag-principaisnoticias","50":"tag-pt","51":"tag-santarem","52":"tag-top-stories","53":"tag-topstories","54":"tag-ultimas","55":"tag-ultimas-noticias","56":"tag-ultimasnoticias"},"share_on_mastodon":{"url":"","error":"Validation failed: Text character limit of 500 exceeded"},"_links":{"self":[{"href":"https:\/\/www.europesays.com\/pt\/wp-json\/wp\/v2\/posts\/203606","targetHints":{"allow":["GET"]}}],"collection":[{"href":"https:\/\/www.europesays.com\/pt\/wp-json\/wp\/v2\/posts"}],"about":[{"href":"https:\/\/www.europesays.com\/pt\/wp-json\/wp\/v2\/types\/post"}],"author":[{"embeddable":true,"href":"https:\/\/www.europesays.com\/pt\/wp-json\/wp\/v2\/users\/2"}],"replies":[{"embeddable":true,"href":"https:\/\/www.europesays.com\/pt\/wp-json\/wp\/v2\/comments?post=203606"}],"version-history":[{"count":0,"href":"https:\/\/www.europesays.com\/pt\/wp-json\/wp\/v2\/posts\/203606\/revisions"}],"wp:featuredmedia":[{"embeddable":true,"href":"https:\/\/www.europesays.com\/pt\/wp-json\/wp\/v2\/media\/4537"}],"wp:attachment":[{"href":"https:\/\/www.europesays.com\/pt\/wp-json\/wp\/v2\/media?parent=203606"}],"wp:term":[{"taxonomy":"category","embeddable":true,"href":"https:\/\/www.europesays.com\/pt\/wp-json\/wp\/v2\/categories?post=203606"},{"taxonomy":"post_tag","embeddable":true,"href":"https:\/\/www.europesays.com\/pt\/wp-json\/wp\/v2\/tags?post=203606"}],"curies":[{"name":"wp","href":"https:\/\/api.w.org\/{rel}","templated":true}]}}