{"id":203617,"date":"2025-12-26T18:14:14","date_gmt":"2025-12-26T18:14:14","guid":{"rendered":"https:\/\/www.europesays.com\/pt\/203617\/"},"modified":"2025-12-26T18:14:14","modified_gmt":"2025-12-26T18:14:14","slug":"israel-e-o-primeiro-pais-a-reconhecer-a-independencia-da-somalilandia","status":"publish","type":"post","link":"https:\/\/www.europesays.com\/pt\/203617\/","title":{"rendered":"Israel \u00e9 o primeiro pa\u00eds a reconhecer a independ\u00eancia da Somalil\u00e2ndia"},"content":{"rendered":"<p class=\"category\"><a href=\"https:\/\/sicnoticias.pt\/mundo\" rel=\"nofollow noopener\" target=\"_blank\">Mundo<\/a><\/p>\n<p class=\"g-article-lead lead\" data-field=\"lead\">A Somalil\u00e2ndia declarou unilateralmente a sua independ\u00eancia em 1991. Desde ent\u00e3o, funciona de forma aut\u00f3noma, com a sua pr\u00f3pria moeda, ex\u00e9rcito e pol\u00edcia. Mas nenhum Estado membro das Na\u00e7\u00f5es Unidas reconhecia a sua exist\u00eancia como pa\u00eds independente.<\/p>\n<p><img decoding=\"async\" src=\"https:\/\/www.europesays.com\/pt\/wp-content\/uploads\/2025\/12\/1766772854_121_original.webp\" alt=\"Israel \u00e9 o primeiro pa\u00eds a reconhecer a independ\u00eancia da Somalil\u00e2ndia\"\/><\/p>\n<p>Ronen Zvulun\/Reuters<\/p>\n<p><strong>O primeiro-ministro israelita, Benjamin Netanyahu, anunciou, esta sexta-feira, o reconhecimento oficial do &#8220;Estado independente e soberano&#8221; da Somalil\u00e2ndia, sendo o primeiro pa\u00eds a reconhecer a auto-proclamada independ\u00eancia deste estado separatista da Som\u00e1lia.<\/strong><\/p>\n<blockquote><p> &#8220;O primeiro-ministro Netanyahu, o seu chefe da diplomacia Saar e o presidente da Rep\u00fablica da Somalil\u00e2ndia assinaram uma declara\u00e7\u00e3o conjunta e m\u00fatua&#8221;, segundo um comunicado dos servi\u00e7os do chefe do Governo israelita.  <\/p><\/blockquote>\n<p>Netanyahu comunicou esta decis\u00e3o numa conversa telef\u00f3nica com o presidente da Somalil\u00e2ndia, Abdirahman Mohamed Abdulahi, tamb\u00e9m conhecido como &#8216;Irro&#8217;, enquanto assinava o documento de reconhecimento formal.<\/p>\n<blockquote><p> &#8220;O Estado de Israel&#8221;, acrescentou o gabinete do primeiro-ministro israelita, &#8220;planeia alargar imediatamente as suas rela\u00e7\u00f5es com a Rep\u00fablica da Somalil\u00e2ndia com uma ampla coopera\u00e7\u00e3o nos campos da agricultura, sa\u00fade, tecnologia e economia&#8221;.  <\/p><\/blockquote>\n<p>O presidente da Somalil\u00e2ndia tamb\u00e9m j\u00e1 saudou o que considera ser um <strong>&#8220;momento hist\u00f3rico&#8221;<\/strong>.<\/p>\n<blockquote><p> &#8220;Este passo marca o in\u00edcio de uma parceria estrat\u00e9gica que promove interesses m\u00fatuos, refor\u00e7a a paz e a seguran\u00e7a regionais e traz benef\u00edcios partilhados a todas as partes interessadas, sem preju\u00edzo para nenhuma delas&#8221;, afirmou na rede X.  <\/p><\/blockquote>\n<p>Com um <strong>territ\u00f3rio de 175.000 quil\u00f3metros quadrados<\/strong>, situada <strong>no extremo noroeste da Som\u00e1lia<\/strong>, a <strong>Somalil\u00e2ndia declarou unilateralmente a sua independ\u00eancia em 1991<\/strong>. Desde ent\u00e3o, <strong>funciona de forma aut\u00f3noma, com a sua pr\u00f3pria moeda, ex\u00e9rcito e pol\u00edcia<\/strong>, e distingue-se pela sua r<strong>elativa estabilidade em compara\u00e7\u00e3o com a Som\u00e1lia<\/strong>, minada pela insurrei\u00e7\u00e3o isl\u00e2mica e pelos conflitos pol\u00edticos cr\u00f3nicos.<\/p>\n<p>Embora mantenha contactos diplom\u00e1ticos com diversos pa\u00edses, <strong>nenhum Estado membro das Na\u00e7\u00f5es Unidas reconhecia a sua exist\u00eancia como pa\u00eds independente<\/strong>. Netanyahu especificou que o reconhecimento segue &#8220;o esp\u00edrito dos Acordos de Abra\u00e3o&#8221;, que procuram normalizar as rela\u00e7\u00f5es com pa\u00edses \u00e1rabes e que resultam de uma iniciativa do Presidente dos Estados Unidos, Donald Trump, formalizada em 2020.<\/p>\n","protected":false},"excerpt":{"rendered":"Mundo A Somalil\u00e2ndia declarou unilateralmente a sua independ\u00eancia em 1991. Desde ent\u00e3o, funciona de forma aut\u00f3noma, com a&hellip;\n","protected":false},"author":2,"featured_media":203618,"comment_status":"","ping_status":"","sticky":false,"template":"","format":"standard","meta":{"footnotes":""},"categories":[50],"tags":[27,28,15,16,14,25,26,21,22,62,12,13,19,20,23,24,17,18,29,30,31,63,64,65],"class_list":{"0":"post-203617","1":"post","2":"type-post","3":"status-publish","4":"format-standard","5":"has-post-thumbnail","7":"category-mundo","8":"tag-breaking-news","9":"tag-breakingnews","10":"tag-featured-news","11":"tag-featurednews","12":"tag-headlines","13":"tag-latest-news","14":"tag-latestnews","15":"tag-main-news","16":"tag-mainnews","17":"tag-mundo","18":"tag-news","19":"tag-noticias","20":"tag-noticias-principais","21":"tag-noticiasprincipais","22":"tag-principais-noticias","23":"tag-principaisnoticias","24":"tag-top-stories","25":"tag-topstories","26":"tag-ultimas","27":"tag-ultimas-noticias","28":"tag-ultimasnoticias","29":"tag-world","30":"tag-world-news","31":"tag-worldnews"},"share_on_mastodon":{"url":"https:\/\/pubeurope.com\/@pt\/115787233500053281","error":""},"_links":{"self":[{"href":"https:\/\/www.europesays.com\/pt\/wp-json\/wp\/v2\/posts\/203617","targetHints":{"allow":["GET"]}}],"collection":[{"href":"https:\/\/www.europesays.com\/pt\/wp-json\/wp\/v2\/posts"}],"about":[{"href":"https:\/\/www.europesays.com\/pt\/wp-json\/wp\/v2\/types\/post"}],"author":[{"embeddable":true,"href":"https:\/\/www.europesays.com\/pt\/wp-json\/wp\/v2\/users\/2"}],"replies":[{"embeddable":true,"href":"https:\/\/www.europesays.com\/pt\/wp-json\/wp\/v2\/comments?post=203617"}],"version-history":[{"count":0,"href":"https:\/\/www.europesays.com\/pt\/wp-json\/wp\/v2\/posts\/203617\/revisions"}],"wp:featuredmedia":[{"embeddable":true,"href":"https:\/\/www.europesays.com\/pt\/wp-json\/wp\/v2\/media\/203618"}],"wp:attachment":[{"href":"https:\/\/www.europesays.com\/pt\/wp-json\/wp\/v2\/media?parent=203617"}],"wp:term":[{"taxonomy":"category","embeddable":true,"href":"https:\/\/www.europesays.com\/pt\/wp-json\/wp\/v2\/categories?post=203617"},{"taxonomy":"post_tag","embeddable":true,"href":"https:\/\/www.europesays.com\/pt\/wp-json\/wp\/v2\/tags?post=203617"}],"curies":[{"name":"wp","href":"https:\/\/api.w.org\/{rel}","templated":true}]}}