{"id":203621,"date":"2025-12-26T18:18:09","date_gmt":"2025-12-26T18:18:09","guid":{"rendered":"https:\/\/www.europesays.com\/pt\/203621\/"},"modified":"2025-12-26T18:18:09","modified_gmt":"2025-12-26T18:18:09","slug":"chelsea-tem-problema-dificil-de-resolver-e-que-custa-370-mil-euros-por-semana","status":"publish","type":"post","link":"https:\/\/www.europesays.com\/pt\/203621\/","title":{"rendered":"Chelsea tem problema dif\u00edcil de resolver e que custa 370 mil euros&#8230; por semana"},"content":{"rendered":"<p><a class=\"autolink-enabled\" data-resource-id=\"1667\" data-resource-type=\"player\" data-sport=\"football\" href=\"https:\/\/www.abola.pt\/futebol\/jogador\/raheem-sterling-1667\" rel=\"nofollow noopener\" target=\"_blank\">Raheem Sterling<\/a>, 31 anos, foi um dos jogadores ingleses em maior evid\u00eancia na d\u00e9cada de 2010, mas os \u00faltimos da carreira do veloz extremo t\u00eam-se traduzido numa queda a pique, a ponto de, fora das contas de Enzo Maresca, nem sequer ter sido inscrito pelo <a class=\"autolink-enabled\" data-resource-id=\"82\" data-resource-type=\"team\" data-sport=\"football\" href=\"https:\/\/www.abola.pt\/futebol\/chelsea-82\" rel=\"nofollow noopener\" target=\"_blank\">Chelsea<\/a> em todas as competi\u00e7\u00f5es.<\/p>\n<p><a class=\"autolink-enabled\" data-resource-id=\"1667\" data-resource-type=\"player\" data-sport=\"football\" href=\"https:\/\/www.abola.pt\/futebol\/jogador\/raheem-sterling-1667\" rel=\"nofollow noopener\" target=\"_blank\">Sterling<\/a> chegou aos blues em 2022, depois de 56 milh\u00f5es de euros pagos ao <a class=\"autolink-enabled\" data-resource-id=\"104\" data-resource-type=\"team\" data-sport=\"football\" href=\"https:\/\/www.abola.pt\/futebol\/manchester-city-104\" rel=\"nofollow noopener\" target=\"_blank\">Manchester City<\/a>, mas em Stamford Bridge a sua estrela deixou de brilhar tanto como tinha acontecido sob o comando de Pep Guardiola no Etihad. Na \u00e9poca passada, foi cedido ao <a class=\"autolink-enabled\" data-resource-id=\"97\" data-resource-type=\"team\" data-sport=\"football\" href=\"https:\/\/www.abola.pt\/futebol\/arsenal-97\" rel=\"nofollow noopener\" target=\"_blank\">Arsenal<\/a> e, revela o jornal The Times, o <a class=\"autolink-enabled\" data-resource-id=\"82\" data-resource-type=\"team\" data-sport=\"football\" href=\"https:\/\/www.abola.pt\/futebol\/chelsea-82\" rel=\"nofollow noopener\" target=\"_blank\">Chelsea<\/a> quer livrar-se dele em janeiro, mas o processo \u00e9 tudo menos f\u00e1cil.<\/p>\n<p><a class=\"autolink-enabled\" data-resource-id=\"1667\" data-resource-type=\"player\" data-sport=\"football\" href=\"https:\/\/www.abola.pt\/futebol\/jogador\/raheem-sterling-1667\" rel=\"nofollow noopener\" target=\"_blank\">Sterling<\/a> tem um astron\u00f3mico contrato que lhe rende 370 mil euros por semana e, neste momento, treina-se \u00e0 parte, estando pouco disposto a abrir m\u00e3o deste lucrativo sal\u00e1rio. O jogador est\u00e1 disposto a sair, mas apenas por empr\u00e9stimo e para equipas sediadas em Londres, j\u00e1 que \u00e9 na capital inglesa que a fam\u00edlia vive e <a class=\"autolink-enabled\" data-resource-id=\"1667\" data-resource-type=\"player\" data-sport=\"football\" href=\"https:\/\/www.abola.pt\/futebol\/jogador\/raheem-sterling-1667\" rel=\"nofollow noopener\" target=\"_blank\">Sterling<\/a> d\u00e1 extrema import\u00e2ncia \u00e0 estabilidade da mesma.<\/p>\n<p>Na <a target=\"_blank\" class=\"editor-link autolink-enabled\" href=\"https:\/\/www.abola.pt\/futebol\/competicao\/premier-league-3\" data-resource-id=\"3\" data-resource-type=\"competition\" data-sport=\"football\" rel=\"nofollow noopener\">Premier League<\/a>, n\u00e3o faltam op\u00e7\u00f5es de equipas em Londres \u2014 <a target=\"_blank\" class=\"editor-link autolink-enabled\" href=\"https:\/\/www.abola.pt\/futebol\/arsenal-97\" data-resource-id=\"97\" data-resource-type=\"team\" data-sport=\"football\" rel=\"nofollow noopener\">Arsenal<\/a>, <a target=\"_blank\" class=\"editor-link autolink-enabled\" href=\"https:\/\/www.abola.pt\/futebol\/brentford-136\" data-resource-id=\"136\" data-resource-type=\"team\" data-sport=\"football\" rel=\"nofollow noopener\">Brentford<\/a>, , <a target=\"_blank\" class=\"editor-link autolink-enabled\" href=\"https:\/\/www.abola.pt\/futebol\/crystal-palace-110\" data-resource-id=\"110\" data-resource-type=\"team\" data-sport=\"football\" rel=\"nofollow noopener\">Crystal Palace<\/a>, <a target=\"_blank\" class=\"editor-link autolink-enabled\" href=\"https:\/\/www.abola.pt\/futebol\/fulham-98\" data-resource-id=\"98\" data-resource-type=\"team\" data-sport=\"football\" rel=\"nofollow noopener\">Fulham<\/a>, <a target=\"_blank\" class=\"editor-link autolink-enabled\" href=\"https:\/\/www.abola.pt\/futebol\/tottenham-89\" data-resource-id=\"89\" data-resource-type=\"team\" data-sport=\"football\" rel=\"nofollow noopener\">Tottenham<\/a> e <a target=\"_blank\" class=\"editor-link autolink-enabled\" href=\"https:\/\/www.abola.pt\/futebol\/west-ham-94\" data-resource-id=\"94\" data-resource-type=\"team\" data-sport=\"football\" rel=\"nofollow noopener\">West Ham<\/a> \u2014, mas ser\u00e1 necess\u00e1rio que alguma delas queria ter os servi\u00e7os de um futebolista que n\u00e3o joga desde 25 de maio&#8230;<\/p>\n","protected":false},"excerpt":{"rendered":"Raheem Sterling, 31 anos, foi um dos jogadores ingleses em maior evid\u00eancia na d\u00e9cada de 2010, mas os&hellip;\n","protected":false},"author":2,"featured_media":203622,"comment_status":"","ping_status":"","sticky":false,"template":"","format":"standard","meta":{"footnotes":""},"categories":[8],"tags":[27,28,15,16,14,25,26,21,22,12,13,19,20,32,23,24,33,17,18,29,30,31],"class_list":{"0":"post-203621","1":"post","2":"type-post","3":"status-publish","4":"format-standard","5":"has-post-thumbnail","7":"category-principais-noticias","8":"tag-breaking-news","9":"tag-breakingnews","10":"tag-featured-news","11":"tag-featurednews","12":"tag-headlines","13":"tag-latest-news","14":"tag-latestnews","15":"tag-main-news","16":"tag-mainnews","17":"tag-news","18":"tag-noticias","19":"tag-noticias-principais","20":"tag-noticiasprincipais","21":"tag-portugal","22":"tag-principais-noticias","23":"tag-principaisnoticias","24":"tag-pt","25":"tag-top-stories","26":"tag-topstories","27":"tag-ultimas","28":"tag-ultimas-noticias","29":"tag-ultimasnoticias"},"share_on_mastodon":{"url":"https:\/\/pubeurope.com\/@pt\/115787249079667832","error":""},"_links":{"self":[{"href":"https:\/\/www.europesays.com\/pt\/wp-json\/wp\/v2\/posts\/203621","targetHints":{"allow":["GET"]}}],"collection":[{"href":"https:\/\/www.europesays.com\/pt\/wp-json\/wp\/v2\/posts"}],"about":[{"href":"https:\/\/www.europesays.com\/pt\/wp-json\/wp\/v2\/types\/post"}],"author":[{"embeddable":true,"href":"https:\/\/www.europesays.com\/pt\/wp-json\/wp\/v2\/users\/2"}],"replies":[{"embeddable":true,"href":"https:\/\/www.europesays.com\/pt\/wp-json\/wp\/v2\/comments?post=203621"}],"version-history":[{"count":0,"href":"https:\/\/www.europesays.com\/pt\/wp-json\/wp\/v2\/posts\/203621\/revisions"}],"wp:featuredmedia":[{"embeddable":true,"href":"https:\/\/www.europesays.com\/pt\/wp-json\/wp\/v2\/media\/203622"}],"wp:attachment":[{"href":"https:\/\/www.europesays.com\/pt\/wp-json\/wp\/v2\/media?parent=203621"}],"wp:term":[{"taxonomy":"category","embeddable":true,"href":"https:\/\/www.europesays.com\/pt\/wp-json\/wp\/v2\/categories?post=203621"},{"taxonomy":"post_tag","embeddable":true,"href":"https:\/\/www.europesays.com\/pt\/wp-json\/wp\/v2\/tags?post=203621"}],"curies":[{"name":"wp","href":"https:\/\/api.w.org\/{rel}","templated":true}]}}