{"id":203623,"date":"2025-12-26T18:19:18","date_gmt":"2025-12-26T18:19:18","guid":{"rendered":"https:\/\/www.europesays.com\/pt\/203623\/"},"modified":"2025-12-26T18:19:18","modified_gmt":"2025-12-26T18:19:18","slug":"mc-guime-mostra-como-foi-seu-primeiro-natal-com-a-filha-recem-nascida-fotos","status":"publish","type":"post","link":"https:\/\/www.europesays.com\/pt\/203623\/","title":{"rendered":"MC Guim\u00ea mostra como foi seu primeiro Natal com a filha rec\u00e9m-nascida; fotos"},"content":{"rendered":"<p>O cantor\u00a0<a href=\"https:\/\/caras.com.br\/tags\/mc-guime\" target=\"_blank\" rel=\"noopener nofollow\" data-mrf-link=\"https:\/\/caras.com.br\/tags\/mc-guime\"><strong>MC Guim\u00ea<\/strong><\/a> encantou os seus seguidores das redes sociais nesta quinta-feira, 25, ao compartilhar registros de seu primeiro Natal ao lado da filha, Yarin. A pequena, que \u00e9 fruto de seu relacionamento com a noiva, <a href=\"https:\/\/caras.com.br\/tags\/fernanda-stroschein\" data-mrf-link=\"https:\/\/caras.com.br\/tags\/fernanda-stroschein\" rel=\"nofollow noopener\" target=\"_blank\"><strong>Fernanda Stroschein<\/strong><\/a>, <a href=\"https:\/\/caras.com.br\/bebe\/mc-guime-celebra-o-nascimento-da-primeira-filha-nossa-promessa.phtml\" rel=\"nofollow noopener\" target=\"_blank\">\u00a0chegou ao mundo no dia 8 de dezembro em uma maternidade em S\u00e3o Paulo.<\/a><\/p>\n<p>A imagem mostra o casal posando em frente a uma \u00e1rvore de Natal decorada. A mulher aparece com a beb\u00ea rec\u00e9m-nascida nos bra\u00e7os. Na legenda, ele compartilhou uma reflex\u00e3o sobre a import\u00e2ncia da data.<\/p>\n<p>\u201cO significado do Natal n\u00e3o consiste em um homem carregando um saco nas costas trazendo presente. Pelo contr\u00e1rio, o significado do Natal consiste em um Deus se fazendo homem e carregando uma cruz pra nos dar o presente. At\u00e9 porque Ele \u00e9 o le\u00e3o que se tornou cordeiro, o rei que se tornou carpinteiro. Tinha uma coroa de gl\u00f3ria mas escolheu a de espinho, ficou solit\u00e1rio para nunca nos deixar sozinho\u201d.<\/p>\n<p>E complementou: \u201cEle sentiu fome pra ser nosso p\u00e3o, sentiu sede pra ser nossa \u00e1gua, foi oprimido pra sermos libertos, Ele se despiu pra sermos encobertos. Ele ficou fraco para sermos fortes, lhe crucificaram mas venceu a morte, Ele foi ferido para sermos curados e nos amou sem ningu\u00e9m nos ter amado.\u201d Deus aben\u00e7oe, Feliz Natal!\u201d<\/p>\n<p>\t <img loading=\"lazy\" decoding=\"async\" class=\"size-full wp-image-1050076 img-fluid lazy\" alt=\"MC Guim\u00ea e Fernanda com a filha \u2013 Foto: Reprodu\u00e7\u00e3o \/ Instagram @mcguim\u00ea\" width=\"1080\" height=\"1440\" src=\"https:\/\/www.europesays.com\/pt\/wp-content\/uploads\/2025\/12\/O-significado-do-Natal-nao-consiste-em-um-homem-carregando-um-saco-nas-costas-trazendo-presente-2.jp.jpeg\"  \/>MC Guim\u00ea e Fernanda com a filha \u2013 Foto: Reprodu\u00e7\u00e3o \/ Instagram @mcguim\u00ea <img loading=\"lazy\" decoding=\"async\" class=\"size-full wp-image-1050077 img-fluid lazy\" alt=\"MC Guim\u00ea e Fernanda com a filha \u2013 Foto: Reprodu\u00e7\u00e3o \/ Instagram @mcguim\u00ea\" width=\"1080\" height=\"1440\" src=\"https:\/\/www.europesays.com\/pt\/wp-content\/uploads\/2025\/12\/O-significado-do-Natal-nao-consiste-em-um-homem-carregando-um-saco-nas-costas-trazendo-presente-1.jp.jpeg\"  \/>MC Guim\u00ea e Fernanda com a filha \u2013 Foto: Reprodu\u00e7\u00e3o \/ Instagram @mcguim\u00ea <img loading=\"lazy\" decoding=\"async\" class=\"size-full wp-image-1050078 img-fluid lazy\" alt=\"MC Guim\u00ea e Fernanda com a filha \u2013 Foto: Reprodu\u00e7\u00e3o \/ Instagram @mcguim\u00ea\" width=\"1080\" height=\"1440\" src=\"https:\/\/www.europesays.com\/pt\/wp-content\/uploads\/2025\/12\/O-significado-do-Natal-nao-consiste-em-um-homem-carregando-um-saco-nas-costas-trazendo-presente.jpg\"  \/>MC Guim\u00ea e Fernanda com a filha \u2013 Foto: Reprodu\u00e7\u00e3o \/ Instagram @mcguim\u00ea Como MC Guim\u00ea e Fernanda Stroschein anunciaram o nascimento da filha? <\/p>\n<p>Em uma publica\u00e7\u00e3o nas redes sociais, MC Guim\u00ea compartilhou as primeiras fotos da beb\u00ea, que foram tiradas logo ap\u00f3s o parto. Nas imagens, \u00e9 poss\u00edvel perceber a emo\u00e7\u00e3o dos papais com o nascimento de Yarin.<\/p>\n<p>\u201cHoje anunciamos a chegada da nossa promessa! O amor nunca foi t\u00e3o real Seja bem-vinda filha, te amamos mais que tudo\u201c,\u00a0escreveu o artista na legenda da publica\u00e7\u00e3o.<\/p>\n<p>Horas depois, o cantor apareceu sentado em um sof\u00e1 do quarto da maternidade com a herdeira nos bra\u00e7os. Ele ainda foi \u2018flagrado\u2019 todo encantado olhando a pequena<a href=\"https:\/\/caras.com.br\/bebe\/mc-guime-surge-em-momento-carinhoso-com-a-filha-recem-nascida-yarin.phtml\" rel=\"nofollow noopener\" target=\"_blank\">. Veja a foto!<\/a><\/p>\n<p>Leia tamb\u00e9m:\u00a0<a href=\"https:\/\/caras.com.br\/casa-dos-famosos\/mc-guime-e-a-noiva-finalizam-decoracao-do-quarto-da-primeira-filha-veja-o-resultado.phtml\" rel=\"nofollow noopener\" target=\"_blank\">MC Guim\u00ea e a noiva finalizam decora\u00e7\u00e3o do quarto da primeira filha; veja o resultado<\/a><\/p>\n<blockquote class=\"instagram-media\" style=\"background: #FFF; border: 0; border-radius: 3px; box-shadow: 0 0 1px 0 rgba(0,0,0,0.5),0 1px 10px 0 rgba(0,0,0,0.15); margin: 1px; max-width: 540px; min-width: 326px; padding: 0; width: calc(100% - 2px);\" data-instgrm-captioned=\"\" data-instgrm-permalink=\"https:\/\/www.instagram.com\/p\/DStM0ehAfAh\/?utm_source=ig_embed&amp;utm_campaign=loading\" data-instgrm-version=\"14\"><\/blockquote>\n<p>        <a href=\"https:\/\/caras.com.br\/autor\/juliana-dracz\" rel=\"nofollow noopener\" target=\"_blank\">&#13;<br \/>\n          <img loading=\"lazy\" decoding=\"async\" alt=\"Juliana Dracz\" src=\"https:\/\/www.europesays.com\/pt\/wp-content\/uploads\/2025\/09\/436551461_2434711450057729_5105646040807821088_n_sqmd.png\" class=\"avatar avatar-115 photo rounded-circle\" height=\"115\" width=\"115\"\/>        <\/a><\/p>\n<p>Juliana Dracz \u00e9 rep\u00f3rter de conte\u00fado do site CARAS. Formada em Jornalismo pela Universidade Cat\u00f3lica de Bras\u00edlia, ela j\u00e1 trabalhou em grandes sites de entretenimento. Atualmente, escreve sobre novelas, celebridades e TV.<\/p>\n<ul class=\"terms-list post_tag list-inline\">\n<li class=\"mc-guime list-inline-item\">\n\t\t\t\t\t<a href=\"https:\/\/caras.com.br\/tags\/mc-guime_3\" class=\"item-category\" rel=\"nofollow noopener\" target=\"_blank\">&#8216;MC Guim\u00ea<\/a>\n\t\t\t\t<\/li>\n<li class=\"fernanda-stroschein list-inline-item\">\n\t\t\t\t\t<a href=\"https:\/\/caras.com.br\/tags\/fernanda-stroschein\" class=\"item-category\" rel=\"nofollow noopener\" target=\"_blank\">Fernanda Stroschein<\/a>\n\t\t\t\t<\/li>\n<\/ul>\n<p>\t                                            <script async src=\"\/\/www.instagram.com\/embed.js\"><\/script><\/p>\n","protected":false},"excerpt":{"rendered":"O cantor\u00a0MC Guim\u00ea encantou os seus seguidores das redes sociais nesta quinta-feira, 25, ao compartilhar registros de seu&hellip;\n","protected":false},"author":2,"featured_media":203624,"comment_status":"","ping_status":"","sticky":false,"template":"","format":"standard","meta":{"footnotes":""},"categories":[145],"tags":[211,210,114,115,40407,37105,32,33],"class_list":{"0":"post-203623","1":"post","2":"type-post","3":"status-publish","4":"format-standard","5":"has-post-thumbnail","7":"category-celebridades","8":"tag-celebridades","9":"tag-celebrities","10":"tag-entertainment","11":"tag-entretenimento","12":"tag-fernanda-stroschein","13":"tag-mc-guime","14":"tag-portugal","15":"tag-pt"},"share_on_mastodon":{"url":"https:\/\/pubeurope.com\/@pt\/115787253158293979","error":""},"_links":{"self":[{"href":"https:\/\/www.europesays.com\/pt\/wp-json\/wp\/v2\/posts\/203623","targetHints":{"allow":["GET"]}}],"collection":[{"href":"https:\/\/www.europesays.com\/pt\/wp-json\/wp\/v2\/posts"}],"about":[{"href":"https:\/\/www.europesays.com\/pt\/wp-json\/wp\/v2\/types\/post"}],"author":[{"embeddable":true,"href":"https:\/\/www.europesays.com\/pt\/wp-json\/wp\/v2\/users\/2"}],"replies":[{"embeddable":true,"href":"https:\/\/www.europesays.com\/pt\/wp-json\/wp\/v2\/comments?post=203623"}],"version-history":[{"count":0,"href":"https:\/\/www.europesays.com\/pt\/wp-json\/wp\/v2\/posts\/203623\/revisions"}],"wp:featuredmedia":[{"embeddable":true,"href":"https:\/\/www.europesays.com\/pt\/wp-json\/wp\/v2\/media\/203624"}],"wp:attachment":[{"href":"https:\/\/www.europesays.com\/pt\/wp-json\/wp\/v2\/media?parent=203623"}],"wp:term":[{"taxonomy":"category","embeddable":true,"href":"https:\/\/www.europesays.com\/pt\/wp-json\/wp\/v2\/categories?post=203623"},{"taxonomy":"post_tag","embeddable":true,"href":"https:\/\/www.europesays.com\/pt\/wp-json\/wp\/v2\/tags?post=203623"}],"curies":[{"name":"wp","href":"https:\/\/api.w.org\/{rel}","templated":true}]}}